{"id":5411,"date":"2026-02-03T17:10:45","date_gmt":"2026-02-03T20:10:45","guid":{"rendered":"https:\/\/www.cudecoop.coop\/cudecoop\/?p=5411"},"modified":"2026-02-03T17:10:45","modified_gmt":"2026-02-03T20:10:45","slug":"cudecoop-acompano-a-fcpu-e-inisa-en-la-firma-de-una-nueva-alianza-cooperativa-para-fortalecer-la-inclusion-social-de-adolescentes","status":"publish","type":"post","link":"https:\/\/www.cudecoop.coop\/cudecoop\/cudecoop-acompano-a-fcpu-e-inisa-en-la-firma-de-una-nueva-alianza-cooperativa-para-fortalecer-la-inclusion-social-de-adolescentes\/","title":{"rendered":"Cudecoop acompa\u00f1\u00f3 a FCPU e INISA en la firma de una nueva alianza cooperativa para fortalecer la inclusi\u00f3n social de adolescentes"},"content":{"rendered":"<p>La Federaci\u00f3n de Cooperativas de Producci\u00f3n del Uruguay (FCPU) y el Instituto Nacional de Inclusi\u00f3n Social Adolescente (INISA) firmaron un Convenio Marco de Colaboraci\u00f3n Rec\u00edproca con el objetivo de promover la inserci\u00f3n social, educativa y laboral de adolescentes en conflicto con la ley penal a trav\u00e9s del cooperativismo.<\/p>\n<p>De la firma participaron&nbsp; Nelson M\u00e1s y Laura Fandi\u00f1o, presidente y secretaria de FCPU; Jaime Saavedra y Daniel Rad\u00edo, presidente y director de Inisa. Por la Confederaci\u00f3n Uruguaya de Entidades Cooperativas (Cudecoop) acompa\u00f1aron Sergio Diz e Ismael Castellanos, vicepresidentes.<\/p>\n<p>Las autoridades expresaron y compartieron sus voluntades de impulsar acciones conjuntas que articulen capacidades, conocimientos y recursos para potenciar oportunidades de desarrollo y pertenencia.<\/p>\n<p>En el marco de este acuerdo, la FCPU se comprometi\u00f3 a brindar capacitaciones y acciones de sensibilizaci\u00f3n sobre cooperativismo entre los j\u00f3venes. Adem\u00e1s, aportar\u00e1 acompa\u00f1amiento t\u00e9cnico y asesoramiento para apoyar la conformaci\u00f3n de cooperativas integradas por personas que forman parte de la poblaci\u00f3n atendida por el INISA.&nbsp;<\/p>\n<p>Por su parte, el INISA priorizar\u00e1 la contrataci\u00f3n de bienes y servicios de cooperativas de trabajo y cooperativas sociales afiliadas a la FCPU, as\u00ed como el fomento de emprendimientos cooperativos en sus polos productivos.<\/p>\n<p>El convenio, con una vigencia inicial de un a\u00f1o y renovable autom\u00e1ticamente, tambi\u00e9n abre la puerta a la celebraci\u00f3n de acuerdos espec\u00edficos y complementarios que permitan adaptar y ampliar las iniciativas seg\u00fan las necesidades de cada programa.<\/p>\n<p>Esta alianza, seg\u00fan lo valorado por los participantes, representa un paso estrat\u00e9gico para reconocer a los adolescentes como sujetos de derecho y reafirmar al cooperativismo como herramienta de integraci\u00f3n comunitaria y desarrollo humano.<\/p>\n<p>Este acuerdo refuerza al cooperativismo como una herramienta clave para impulsar inclusi\u00f3n social, formaci\u00f3n y desarrollo con enfoque productivo.<\/p>\n","protected":false},"excerpt":{"rendered":"<p>La Federaci\u00f3n de Cooperativas de Producci\u00f3n del Uruguay (FCPU) y el Instituto Nacional de Inclusi\u00f3n Social Adolescente (INISA) firmaron un Convenio Marco de Colaboraci\u00f3n Rec\u00edproca con el objetivo de promover la inserci\u00f3n social, educativa y laboral de adolescentes en conflicto con la ley penal a trav\u00e9s del cooperativismo. De la firma participaron&nbsp; Nelson M\u00e1s y Laura Fandi\u00f1o, presidente y secretaria de FCPU; Jaime Saavedra y Daniel Rad\u00edo, presidente y director de Inisa. Por la Confederaci\u00f3n Uruguaya de Entidades Cooperativas (Cudecoop) acompa\u00f1aron Sergio Diz e Ismael Castellanos, vicepresidentes. Las autoridades expresaron y compartieron sus voluntades de impulsar acciones conjuntas que articulen [&#8230;]<\/p>\n","protected":false},"author":27,"featured_media":5412,"comment_status":"open","ping_status":"open","sticky":false,"template":"","format":"standard","meta":{"_acf_changed":false,"ngg_post_thumbnail":0,"footnotes":""},"categories":[7,6,1],"tags":[],"class_list":["post-5411","post","type-post","status-publish","format-standard","has-post-thumbnail","hentry","category-cooperativas","category-institucionales","category-noticias"],"acf":[],"_links":{"self":[{"href":"https:\/\/www.cudecoop.coop\/cudecoop\/wp-json\/wp\/v2\/posts\/5411","targetHints":{"allow":["GET"]}}],"collection":[{"href":"https:\/\/www.cudecoop.coop\/cudecoop\/wp-json\/wp\/v2\/posts"}],"about":[{"href":"https:\/\/www.cudecoop.coop\/cudecoop\/wp-json\/wp\/v2\/types\/post"}],"author":[{"embeddable":true,"href":"https:\/\/www.cudecoop.coop\/cudecoop\/wp-json\/wp\/v2\/users\/27"}],"replies":[{"embeddable":true,"href":"https:\/\/www.cudecoop.coop\/cudecoop\/wp-json\/wp\/v2\/comments?post=5411"}],"version-history":[{"count":1,"href":"https:\/\/www.cudecoop.coop\/cudecoop\/wp-json\/wp\/v2\/posts\/5411\/revisions"}],"predecessor-version":[{"id":5413,"href":"https:\/\/www.cudecoop.coop\/cudecoop\/wp-json\/wp\/v2\/posts\/5411\/revisions\/5413"}],"wp:featuredmedia":[{"embeddable":true,"href":"https:\/\/www.cudecoop.coop\/cudecoop\/wp-json\/wp\/v2\/media\/5412"}],"wp:attachment":[{"href":"https:\/\/www.cudecoop.coop\/cudecoop\/wp-json\/wp\/v2\/media?parent=5411"}],"wp:term":[{"taxonomy":"category","embeddable":true,"href":"https:\/\/www.cudecoop.coop\/cudecoop\/wp-json\/wp\/v2\/categories?post=5411"},{"taxonomy":"post_tag","embeddable":true,"href":"https:\/\/www.cudecoop.coop\/cudecoop\/wp-json\/wp\/v2\/tags?post=5411"}],"curies":[{"name":"wp","href":"https:\/\/api.w.org\/{rel}","templated":true}]}}