{"id":5403,"date":"2026-01-28T08:32:35","date_gmt":"2026-01-28T11:32:35","guid":{"rendered":"https:\/\/www.cudecoop.coop\/cudecoop\/?p=5403"},"modified":"2026-01-28T08:32:35","modified_gmt":"2026-01-28T11:32:35","slug":"naciones-unidas-consolida-el-reconocimiento-al-cooperativismo-con-la-proclamacion-de-un-ano-internacional-cada-diez-anos","status":"publish","type":"post","link":"https:\/\/www.cudecoop.coop\/cudecoop\/naciones-unidas-consolida-el-reconocimiento-al-cooperativismo-con-la-proclamacion-de-un-ano-internacional-cada-diez-anos\/","title":{"rendered":"Naciones Unidas consolida el reconocimiento al cooperativismo con la proclamaci\u00f3n de un A\u00f1o Internacional cada diez a\u00f1os"},"content":{"rendered":"<p data-start=\"354\" data-end=\"1161\">La Asamblea General de las Naciones Unidas aprob\u00f3 la Resoluci\u00f3n <a href=\"https:\/\/docs.un.org\/es\/a\/res\/80\/182\">A\/RES\/80\/182<\/a>, que reafirma a las cooperativas como <strong data-start=\"469\" data-end=\"538\">actores estrat\u00e9gicos del desarrollo social y econ\u00f3mico sostenible<\/strong> a nivel global.<\/p>\n<p data-start=\"354\" data-end=\"1161\">El texto reconoce su contribuci\u00f3n concreta a la erradicaci\u00f3n de la pobreza y el hambre, la creaci\u00f3n de empleo decente, la inclusi\u00f3n social y financiera, la igualdad de g\u00e9nero y el cumplimiento de los Objetivos de Desarrollo Sostenible, as\u00ed como su papel en la adaptaci\u00f3n y mitigaci\u00f3n del cambio clim\u00e1tico. Asimismo, destaca el impacto positivo del cooperativismo en comunidades rurales, pueblos ind\u00edgenas, mujeres, j\u00f3venes, personas mayores y personas con discapacidad, e insta a los Estados a fortalecer marcos normativos, acceso al financiamiento, investigaci\u00f3n, digitalizaci\u00f3n y sensibilizaci\u00f3n p\u00fablica.<\/p>\n<p data-start=\"1163\" data-end=\"1973\">Entre sus definiciones m\u00e1s relevantes, la resoluci\u00f3n <strong data-start=\"1216\" data-end=\"1304\">establece la proclamaci\u00f3n de un A\u00f1o Internacional de las Cooperativas cada diez a\u00f1os<\/strong>, consolidando este reconocimiento como una pol\u00edtica permanente del sistema de las Naciones Unidas, tras los A\u00f1os Internacionales de 2012 y 2025. En ese marco, convoca a los gobiernos, organismos internacionales y al movimiento cooperativo a profundizar el fortalecimiento del ecosistema cooperativo, promoviendo su integraci\u00f3n en las estrategias nacionales de desarrollo y en el seguimiento de la Agenda 2030.<\/p>\n<p data-start=\"1163\" data-end=\"1973\">La resoluci\u00f3n reafirma adem\u00e1s la celebraci\u00f3n anual del <strong data-start=\"1770\" data-end=\"1811\">D\u00eda Internacional de las Cooperativas<\/strong>, el primer s\u00e1bado de julio, como instancia clave de visibilizaci\u00f3n del aporte del cooperativismo a un desarrollo m\u00e1s justo, inclusivo y centrado en las personas.<\/p>\n","protected":false},"excerpt":{"rendered":"<p>La Asamblea General de las Naciones Unidas aprob\u00f3 la Resoluci\u00f3n A\/RES\/80\/182, que reafirma a las cooperativas como actores estrat\u00e9gicos del desarrollo social y econ\u00f3mico sostenible a nivel global. El texto reconoce su contribuci\u00f3n concreta a la erradicaci\u00f3n de la pobreza y el hambre, la creaci\u00f3n de empleo decente, la inclusi\u00f3n social y financiera, la igualdad de g\u00e9nero y el cumplimiento de los Objetivos de Desarrollo Sostenible, as\u00ed como su papel en la adaptaci\u00f3n y mitigaci\u00f3n del cambio clim\u00e1tico. Asimismo, destaca el impacto positivo del cooperativismo en comunidades rurales, pueblos ind\u00edgenas, mujeres, j\u00f3venes, personas mayores y personas con discapacidad, e insta [&#8230;]<\/p>\n","protected":false},"author":27,"featured_media":5404,"comment_status":"open","ping_status":"open","sticky":false,"template":"","format":"standard","meta":{"_acf_changed":false,"ngg_post_thumbnail":0,"footnotes":""},"categories":[7,6,1],"tags":[],"class_list":["post-5403","post","type-post","status-publish","format-standard","has-post-thumbnail","hentry","category-cooperativas","category-institucionales","category-noticias"],"acf":[],"_links":{"self":[{"href":"https:\/\/www.cudecoop.coop\/cudecoop\/wp-json\/wp\/v2\/posts\/5403","targetHints":{"allow":["GET"]}}],"collection":[{"href":"https:\/\/www.cudecoop.coop\/cudecoop\/wp-json\/wp\/v2\/posts"}],"about":[{"href":"https:\/\/www.cudecoop.coop\/cudecoop\/wp-json\/wp\/v2\/types\/post"}],"author":[{"embeddable":true,"href":"https:\/\/www.cudecoop.coop\/cudecoop\/wp-json\/wp\/v2\/users\/27"}],"replies":[{"embeddable":true,"href":"https:\/\/www.cudecoop.coop\/cudecoop\/wp-json\/wp\/v2\/comments?post=5403"}],"version-history":[{"count":1,"href":"https:\/\/www.cudecoop.coop\/cudecoop\/wp-json\/wp\/v2\/posts\/5403\/revisions"}],"predecessor-version":[{"id":5405,"href":"https:\/\/www.cudecoop.coop\/cudecoop\/wp-json\/wp\/v2\/posts\/5403\/revisions\/5405"}],"wp:featuredmedia":[{"embeddable":true,"href":"https:\/\/www.cudecoop.coop\/cudecoop\/wp-json\/wp\/v2\/media\/5404"}],"wp:attachment":[{"href":"https:\/\/www.cudecoop.coop\/cudecoop\/wp-json\/wp\/v2\/media?parent=5403"}],"wp:term":[{"taxonomy":"category","embeddable":true,"href":"https:\/\/www.cudecoop.coop\/cudecoop\/wp-json\/wp\/v2\/categories?post=5403"},{"taxonomy":"post_tag","embeddable":true,"href":"https:\/\/www.cudecoop.coop\/cudecoop\/wp-json\/wp\/v2\/tags?post=5403"}],"curies":[{"name":"wp","href":"https:\/\/api.w.org\/{rel}","templated":true}]}}