{"id":5388,"date":"2025-12-30T17:06:08","date_gmt":"2025-12-30T20:06:08","guid":{"rendered":"https:\/\/www.cudecoop.coop\/cudecoop\/?p=5388"},"modified":"2026-03-02T13:45:56","modified_gmt":"2026-03-02T16:45:56","slug":"hasta-febrero-ciclo-de-talleres-gestion-de-conflictos-y-herramientas-para-facilitar-el-dialogo","status":"publish","type":"post","link":"https:\/\/www.cudecoop.coop\/cudecoop\/hasta-febrero-ciclo-de-talleres-gestion-de-conflictos-y-herramientas-para-facilitar-el-dialogo\/","title":{"rendered":"\u00a1HASTA EL A\u00d1O QUE VIENE! CICLO DE TALLERES GESTI\u00d3N DE CONFLICTOS Y HERRAMIENTAS PARA FACILITAR EL DI\u00c1LOGO"},"content":{"rendered":"<p data-start=\"140\" data-end=\"861\">Durante los \u00faltimos meses del 2025, la docente y mediadora Leslie Falca, en articulaci\u00f3n con Promotoras y Promotores del Programa de Desarrollo Cooperativo Territorial, recorri\u00f3 distintos Departamentos con el ciclo de talleres \u201cNegociaci\u00f3n, Mediaci\u00f3n e Incidencia\u201d.<\/p>\n<div class=\"flex max-w-full flex-col grow\">\n<div class=\"min-h-8 text-message relative flex w-full flex-col items-end gap-2 text-start break-words whitespace-normal [.text-message+&amp;]:mt-1\" dir=\"auto\" data-message-author-role=\"assistant\" data-message-id=\"6c0576d9-1f61-4f85-9462-cbaf75e9ea8c\" data-message-model-slug=\"gpt-5-2\">\n<div class=\"flex w-full flex-col gap-1 empty:hidden first:pt-[1px]\">\n<div class=\"markdown prose dark:prose-invert w-full break-words light markdown-new-styling\">\n<p data-start=\"0\" data-end=\"163\" data-is-last-node=\"\" data-is-only-node=\"\">Este proceso, del que participaron m\u00e1s de 350 cooperativistas de todo el pa\u00eds, reafirma la importancia de crear instancias de formaci\u00f3n y experiencia compartida que potencien las capacidades colectivas del movimiento cooperativo.<\/p>\n<p data-start=\"0\" data-end=\"163\" data-is-last-node=\"\" data-is-only-node=\"\">En febrero de 2026 se preve\u00e9 realizar una nueva instancia de taller en formato h\u00edbrido con cupos para participar presencial en la Sede de Cudecoop en Montevideo y conexi\u00f3n para quienes no hayan podido participar en su localidad o quieran repetir la experiencia.&nbsp;<\/p>\n<p data-start=\"0\" data-end=\"163\" data-is-last-node=\"\" data-is-only-node=\"\">\u00a1Pr\u00f3ximamente m\u00e1s novedades!&nbsp;<\/p>\n<\/div>\n<\/div>\n<\/div>\n<\/div>\n","protected":false},"excerpt":{"rendered":"<p>Durante los \u00faltimos meses del 2025, la docente y mediadora Leslie Falca, en articulaci\u00f3n con Promotoras y Promotores del Programa de Desarrollo Cooperativo Territorial, recorri\u00f3 distintos Departamentos con el ciclo de talleres \u201cNegociaci\u00f3n, Mediaci\u00f3n e Incidencia\u201d. Este proceso, del que participaron m\u00e1s de 350 cooperativistas de todo el pa\u00eds, reafirma la importancia de crear instancias de formaci\u00f3n y experiencia compartida que potencien las capacidades colectivas del movimiento cooperativo. En febrero de 2026 se preve\u00e9 realizar una nueva instancia de taller en formato h\u00edbrido con cupos para participar presencial en la Sede de Cudecoop en Montevideo y conexi\u00f3n para quienes no [&#8230;]<\/p>\n","protected":false},"author":27,"featured_media":5396,"comment_status":"open","ping_status":"open","sticky":false,"template":"","format":"standard","meta":{"_acf_changed":false,"ngg_post_thumbnail":0,"footnotes":""},"categories":[7,6,1],"tags":[],"class_list":["post-5388","post","type-post","status-publish","format-standard","has-post-thumbnail","hentry","category-cooperativas","category-institucionales","category-noticias"],"acf":[],"_links":{"self":[{"href":"https:\/\/www.cudecoop.coop\/cudecoop\/wp-json\/wp\/v2\/posts\/5388","targetHints":{"allow":["GET"]}}],"collection":[{"href":"https:\/\/www.cudecoop.coop\/cudecoop\/wp-json\/wp\/v2\/posts"}],"about":[{"href":"https:\/\/www.cudecoop.coop\/cudecoop\/wp-json\/wp\/v2\/types\/post"}],"author":[{"embeddable":true,"href":"https:\/\/www.cudecoop.coop\/cudecoop\/wp-json\/wp\/v2\/users\/27"}],"replies":[{"embeddable":true,"href":"https:\/\/www.cudecoop.coop\/cudecoop\/wp-json\/wp\/v2\/comments?post=5388"}],"version-history":[{"count":2,"href":"https:\/\/www.cudecoop.coop\/cudecoop\/wp-json\/wp\/v2\/posts\/5388\/revisions"}],"predecessor-version":[{"id":5437,"href":"https:\/\/www.cudecoop.coop\/cudecoop\/wp-json\/wp\/v2\/posts\/5388\/revisions\/5437"}],"wp:featuredmedia":[{"embeddable":true,"href":"https:\/\/www.cudecoop.coop\/cudecoop\/wp-json\/wp\/v2\/media\/5396"}],"wp:attachment":[{"href":"https:\/\/www.cudecoop.coop\/cudecoop\/wp-json\/wp\/v2\/media?parent=5388"}],"wp:term":[{"taxonomy":"category","embeddable":true,"href":"https:\/\/www.cudecoop.coop\/cudecoop\/wp-json\/wp\/v2\/categories?post=5388"},{"taxonomy":"post_tag","embeddable":true,"href":"https:\/\/www.cudecoop.coop\/cudecoop\/wp-json\/wp\/v2\/tags?post=5388"}],"curies":[{"name":"wp","href":"https:\/\/api.w.org\/{rel}","templated":true}]}}