{"id":5380,"date":"2025-11-10T15:09:04","date_gmt":"2025-11-10T18:09:04","guid":{"rendered":"https:\/\/www.cudecoop.coop\/cudecoop\/?p=5380"},"modified":"2025-12-10T15:16:54","modified_gmt":"2025-12-10T18:16:54","slug":"6a-ronda-de-negocios-de-incubacoop-en-integracion-con-sicoop-impulsado-por-innovhubs-en-el-marco-del-encuentro-nacional-de-cooperativas","status":"publish","type":"post","link":"https:\/\/www.cudecoop.coop\/cudecoop\/6a-ronda-de-negocios-de-incubacoop-en-integracion-con-sicoop-impulsado-por-innovhubs-en-el-marco-del-encuentro-nacional-de-cooperativas\/","title":{"rendered":"6\u00aa RONDA DE NEGOCIOS de Incubacoop en integraci\u00f3n con SICOOP impulsado por INNOVHUBS en el marco del Encuentro Nacional de Cooperativas."},"content":{"rendered":"<p><span style=\"font-weight: 400;\">El pasado viernes 7 de noviembre se realiz\u00f3, en el marco del Encuentro Nacional de Cooperativas, la 6ta Ronda de Negocios de Incubacoop conexiones, v\u00ednculos e intercambios en integraci\u00f3n con<\/span><b> SICOOP <\/b><span style=\"font-weight: 400;\">e <\/span><b>Innovhubs <\/b><span style=\"font-weight: 400;\">apoyado por el programa <\/span><b>AL Invest Verde de la Uni\u00f3n Europea <\/b><span style=\"font-weight: 400;\">en la Intendencia de Montevideo.&nbsp;&nbsp;<\/span><\/p>\n<p><span style=\"font-weight: 400;\">La Ronda fue un espacio clave de intercooperaci\u00f3n, reuniendo a emprendimientos incubados, cooperativas consolidadas y diversas empresas e instituciones interesadas en generar v\u00ednculos cooperativos y fortalecer la econom\u00eda social.&nbsp;&nbsp;<\/span><\/p>\n<p><span style=\"font-weight: 400;\">La jornada se caracteriz\u00f3 por una alta din\u00e1mica de trabajo. Se dispusieron m\u00e1s de 20 mesas de intercambios para facilitar el <\/span><i><span style=\"font-weight: 400;\">networking<\/span><\/i><span style=\"font-weight: 400;\">. Las cooperativas y emprendimientos respaldados por INCUBACOOP ocuparon 11 mesas, logrando concretar m\u00e1s de 40 reuniones de intercambios y a trav\u00e9s de Sicoop unos 40 intercambios m\u00e1s lo que deja como resultado la suma de 80 Intercambios en esta Ronda de Negocios 2025.&nbsp;&nbsp;&nbsp;<\/span><\/p>\n<p><span style=\"font-weight: 400;\">El equipo t\u00e9cnico de la Incubadora tambi\u00e9n form\u00f3 parte de la ronda, intercambiando experiencias y aprendizajes con otras instituciones relevantes del ecosistema emprendedor, como ANDE e Inefop, quienes acercaron su mirada y m\u00e9todos para afrontar los desaf\u00edos de los procesos de apoyo a emprendedores y cooperativas.&nbsp;&nbsp;&nbsp;&nbsp;<\/span><\/p>\n<p><span style=\"font-weight: 400;\">Al finalizar contamos con las palabras de Juan Carlos Canessa secretario de Cudecoop,&nbsp; Gerardo Montes de Sicoop y Yanella Posente del Ministerio de Industria Energ\u00eda y Miner\u00eda.&nbsp;<\/span><\/p>\n<p><span style=\"font-weight: 400;\">Estos encuentros evidencian la efectividad de la ronda como plataforma para que los nuevos proyectos y las cooperativas en marcha aumenten su red de contactos, proveedores y clientes impulsando su crecimiento y sostenibilidad.&nbsp;&nbsp;&nbsp;<\/span><\/p>\n<p><span style=\"font-weight: 400;\">La 6\u00aa Ronda de Negocios reafirma el compromiso de las instituciones participantes con la innovaci\u00f3n, la integraci\u00f3n productiva y el desarrollo del movimiento cooperativo a nivel nacional, marcando un hito de colaboraci\u00f3n exitosa y de alto impacto.&nbsp;<\/span><\/p>\n<p><span style=\"font-weight: 400;\">\u00a1Agradecemos a todos lo que hicieron posible la ronda 2025!<\/span><\/p>\n","protected":false},"excerpt":{"rendered":"<p>El pasado viernes 7 de noviembre se realiz\u00f3, en el marco del Encuentro Nacional de Cooperativas, la 6ta Ronda de Negocios de Incubacoop conexiones, v\u00ednculos e intercambios en integraci\u00f3n con SICOOP e Innovhubs apoyado por el programa AL Invest Verde de la Uni\u00f3n Europea en la Intendencia de Montevideo.&nbsp;&nbsp; La Ronda fue un espacio clave de intercooperaci\u00f3n, reuniendo a emprendimientos incubados, cooperativas consolidadas y diversas empresas e instituciones interesadas en generar v\u00ednculos cooperativos y fortalecer la econom\u00eda social.&nbsp;&nbsp; La jornada se caracteriz\u00f3 por una alta din\u00e1mica de trabajo. Se dispusieron m\u00e1s de 20 mesas de intercambios para facilitar el networking. [&#8230;]<\/p>\n","protected":false},"author":27,"featured_media":5381,"comment_status":"open","ping_status":"open","sticky":false,"template":"","format":"standard","meta":{"_acf_changed":false,"ngg_post_thumbnail":0,"footnotes":""},"categories":[7,6,1],"tags":[],"class_list":["post-5380","post","type-post","status-publish","format-standard","has-post-thumbnail","hentry","category-cooperativas","category-institucionales","category-noticias"],"acf":[],"_links":{"self":[{"href":"https:\/\/www.cudecoop.coop\/cudecoop\/wp-json\/wp\/v2\/posts\/5380","targetHints":{"allow":["GET"]}}],"collection":[{"href":"https:\/\/www.cudecoop.coop\/cudecoop\/wp-json\/wp\/v2\/posts"}],"about":[{"href":"https:\/\/www.cudecoop.coop\/cudecoop\/wp-json\/wp\/v2\/types\/post"}],"author":[{"embeddable":true,"href":"https:\/\/www.cudecoop.coop\/cudecoop\/wp-json\/wp\/v2\/users\/27"}],"replies":[{"embeddable":true,"href":"https:\/\/www.cudecoop.coop\/cudecoop\/wp-json\/wp\/v2\/comments?post=5380"}],"version-history":[{"count":1,"href":"https:\/\/www.cudecoop.coop\/cudecoop\/wp-json\/wp\/v2\/posts\/5380\/revisions"}],"predecessor-version":[{"id":5382,"href":"https:\/\/www.cudecoop.coop\/cudecoop\/wp-json\/wp\/v2\/posts\/5380\/revisions\/5382"}],"wp:featuredmedia":[{"embeddable":true,"href":"https:\/\/www.cudecoop.coop\/cudecoop\/wp-json\/wp\/v2\/media\/5381"}],"wp:attachment":[{"href":"https:\/\/www.cudecoop.coop\/cudecoop\/wp-json\/wp\/v2\/media?parent=5380"}],"wp:term":[{"taxonomy":"category","embeddable":true,"href":"https:\/\/www.cudecoop.coop\/cudecoop\/wp-json\/wp\/v2\/categories?post=5380"},{"taxonomy":"post_tag","embeddable":true,"href":"https:\/\/www.cudecoop.coop\/cudecoop\/wp-json\/wp\/v2\/tags?post=5380"}],"curies":[{"name":"wp","href":"https:\/\/api.w.org\/{rel}","templated":true}]}}