{"id":5377,"date":"2025-12-09T20:26:59","date_gmt":"2025-12-09T23:26:59","guid":{"rendered":"https:\/\/www.cudecoop.coop\/cudecoop\/?p=5377"},"modified":"2025-12-09T20:26:59","modified_gmt":"2025-12-09T23:26:59","slug":"17-anos-del-inacoop-y-renovacion-de-convenios","status":"publish","type":"post","link":"https:\/\/www.cudecoop.coop\/cudecoop\/17-anos-del-inacoop-y-renovacion-de-convenios\/","title":{"rendered":"17 a\u00f1os del Inacoop y renovaci\u00f3n de convenios"},"content":{"rendered":"<p>En este A\u00f1o Internacional de las Cooperativas, desde Cudecoop celebramos estos a\u00f1os de compromiso, cogesti\u00f3n, trabajo y fortalecimiento del sistema cooperativo uruguayo, que han contribuido al desarrollo social, econ\u00f3mico y territorial del pa\u00eds.<br \/>\nEn el marco de esta conmemoraci\u00f3n, destacamos especialmente que este lunes 8 de diciembre, en reuni\u00f3n del Directorio de Inacoop se aprob\u00f3 la financiaci\u00f3n de Fortalecimiento Gremial de Cudecoop y sus Federaciones, as\u00ed como del Programa de Desarrollo Cooperativo Territorial hasta el 2028.<br \/>\nDestacamos la importancia del Instituto Nacional del Cooperativismo, creado en 2008 partir de la sanci\u00f3n de la Ley General de Cooperativas (18.407), contribuyendo a la constituci\u00f3n de un verdadero Sistema Cooperativo, compuesto por las organizaciones de base, la estructura gremial del movimiento cooperativo, y un sistema p\u00fablico especializado en el sector.<br \/>\n\u00a1Felicitaciones a INACOOP por estos 17 a\u00f1os de compromiso con el movimiento cooperativo m\u00e1s fuerte, solidario y sostenible!<\/p>\n","protected":false},"excerpt":{"rendered":"<p>En este A\u00f1o Internacional de las Cooperativas, desde Cudecoop celebramos estos a\u00f1os de compromiso, cogesti\u00f3n, trabajo y fortalecimiento del sistema cooperativo uruguayo, que han contribuido al desarrollo social, econ\u00f3mico y territorial del pa\u00eds.<br \/> En el marco de esta conmemoraci\u00f3n, destacamos especialmente que este lunes 8 de diciembre, en reuni\u00f3n del Directorio de Inacoop se aprob\u00f3 la financiaci\u00f3n de Fortalecimiento Gremial de Cudecoop y sus Federaciones, as\u00ed como del Programa de Desarrollo Cooperativo Territorial hasta el 2028.<br \/> Destacamos la importancia del Instituto Nacional del Cooperativismo, creado en 2008 partir de la sanci\u00f3n de la Ley General de Cooperativas (18.407), [&#8230;]<\/p>\n","protected":false},"author":27,"featured_media":5378,"comment_status":"open","ping_status":"open","sticky":false,"template":"","format":"standard","meta":{"_acf_changed":false,"ngg_post_thumbnail":0,"footnotes":""},"categories":[7,6,1],"tags":[],"class_list":["post-5377","post","type-post","status-publish","format-standard","has-post-thumbnail","hentry","category-cooperativas","category-institucionales","category-noticias"],"acf":[],"_links":{"self":[{"href":"https:\/\/www.cudecoop.coop\/cudecoop\/wp-json\/wp\/v2\/posts\/5377","targetHints":{"allow":["GET"]}}],"collection":[{"href":"https:\/\/www.cudecoop.coop\/cudecoop\/wp-json\/wp\/v2\/posts"}],"about":[{"href":"https:\/\/www.cudecoop.coop\/cudecoop\/wp-json\/wp\/v2\/types\/post"}],"author":[{"embeddable":true,"href":"https:\/\/www.cudecoop.coop\/cudecoop\/wp-json\/wp\/v2\/users\/27"}],"replies":[{"embeddable":true,"href":"https:\/\/www.cudecoop.coop\/cudecoop\/wp-json\/wp\/v2\/comments?post=5377"}],"version-history":[{"count":1,"href":"https:\/\/www.cudecoop.coop\/cudecoop\/wp-json\/wp\/v2\/posts\/5377\/revisions"}],"predecessor-version":[{"id":5379,"href":"https:\/\/www.cudecoop.coop\/cudecoop\/wp-json\/wp\/v2\/posts\/5377\/revisions\/5379"}],"wp:featuredmedia":[{"embeddable":true,"href":"https:\/\/www.cudecoop.coop\/cudecoop\/wp-json\/wp\/v2\/media\/5378"}],"wp:attachment":[{"href":"https:\/\/www.cudecoop.coop\/cudecoop\/wp-json\/wp\/v2\/media?parent=5377"}],"wp:term":[{"taxonomy":"category","embeddable":true,"href":"https:\/\/www.cudecoop.coop\/cudecoop\/wp-json\/wp\/v2\/categories?post=5377"},{"taxonomy":"post_tag","embeddable":true,"href":"https:\/\/www.cudecoop.coop\/cudecoop\/wp-json\/wp\/v2\/tags?post=5377"}],"curies":[{"name":"wp","href":"https:\/\/api.w.org\/{rel}","templated":true}]}}