{"id":5367,"date":"2025-12-02T15:57:26","date_gmt":"2025-12-02T18:57:26","guid":{"rendered":"https:\/\/www.cudecoop.coop\/cudecoop\/?p=5367"},"modified":"2026-02-09T15:21:45","modified_gmt":"2026-02-09T18:21:45","slug":"mas-de-80-mujeres-culminaron-la-formacion-del-proyecto-mujeres-del-litoral-formacion-para-la-autonomia-economica","status":"publish","type":"post","link":"https:\/\/www.cudecoop.coop\/cudecoop\/mas-de-80-mujeres-culminaron-la-formacion-del-proyecto-mujeres-del-litoral-formacion-para-la-autonomia-economica\/","title":{"rendered":"M\u00e1s de 60 mujeres culminaron la formaci\u00f3n del proyecto Mujeres del Litoral: formaci\u00f3n para la autonom\u00eda econ\u00f3mica"},"content":{"rendered":"<p>El s\u00e1bado 15 de noviembre, en instalaciones de Salto Grande, mujeres de Artigas, Salto, Paysand\u00fa, R\u00edo Negro y Soriano recibieron su certificado de egreso del Proyecto Mujeres del Litoral: formaci\u00f3n para la autonom\u00eda econ\u00f3mica, una iniciativa de la Mesa Intercooperativa de Salto, financiada por el Instituto Nacional de Empleo y Formaci\u00f3n Profesional (Inefop) y apoyada por la Confederaci\u00f3n Uruguaya de Entidades Cooperativas (Cudecoop).&nbsp;<\/p>\n<p>De la mesa de apertura participaron Nicol\u00e1s Urrutia, vicepresidente de la Comisi\u00f3n T\u00e9cnico Mixta de Salto Grande por Uruguay; Carolina Moreira, supervisora del proyecto por Inefop; Valentina Moreira, referente territorial del Instituto Nacional del Cooperativismo (Inacoop); Alicia Kuster, coordinadora del Programa de Desarrollo Cooperativo Territorial de Cudecoop; Mar\u00eda del Luj\u00e1n Pucholo, integrante de la Mesa Intercooperativa de Salto (MIS) y Jorge Vaz Tourem,&nbsp; en su doble rol como director Departamental del Ministerio de Desarrollo Social en Salto y Promotor de la MIS.&nbsp;<\/p>\n<p>Las autoridades destacaron la importancia de que las presentes hayan sido parte de este proyecto, que fue orientado a mujeres vinculadas al movimiento cooperativo y la econom\u00eda social y solidaria que se encontraran desempleadas o en proceso de salida de situaciones de violencia de g\u00e9nero. La formaci\u00f3n incluy\u00f3 capacitaci\u00f3n en temas vinculados a la actividad comercial, derechos laborales y ciudadan\u00eda digital, liderazgo, comunicaci\u00f3n, emprendedurismo y trabajo en equipo.<\/p>\n<p>Durante la jornada, las mujeres intercambiaron sobre sus experiencias y aprendizajes en el proyecto y trabajaron en grupos bajo la consigna \u00bfC\u00f3mo crees que los estereotipos de g\u00e9nero afectan sobre tu emprendimiento? Al cierre, se realiz\u00f3 una puesta en com\u00fan de di\u00e1logo y construcci\u00f3n colectiva y la entrega de certiificados que fue acompa\u00f1ada por ni\u00f1as y ni\u00f1os que viajaron junto a algunas de las participantes.&nbsp;<\/p>\n<p>En esta instancia se hicieron presentes m\u00e1s de 60 de las participantes del curso, docentes que estuvieron a cargo de las clases y un grupo de mujeres cooperativistas de Tacuaremb\u00f3 que viajaron a acompa\u00f1ar las actividades.<\/p>\n<p>La jornada culmin\u00f3 con un almuerzo compartido que estuvo a cargo de las propias mujeres que egresaron y una recorrida por la Represa de Salto Grande.&nbsp;<\/p>\n<p>Mira el video resumen <a href=\"https:\/\/www.youtube.com\/shorts\/z9uZZlzHHV8\">aqu\u00ed <\/a>&nbsp;y conoc\u00e9 el testimonio de algunas de las participantes <a href=\"https:\/\/www.youtube.com\/shorts\/HCh-sAq2140\">aqu\u00ed<\/a>.&nbsp;<\/p>\n","protected":false},"excerpt":{"rendered":"<p>El s\u00e1bado 15 de noviembre, en instalaciones de Salto Grande, mujeres de Artigas, Salto, Paysand\u00fa, R\u00edo Negro y Soriano recibieron su certificado de egreso del Proyecto Mujeres del Litoral: formaci\u00f3n para la autonom\u00eda econ\u00f3mica, una iniciativa de la Mesa Intercooperativa de Salto, financiada por el Instituto Nacional de Empleo y Formaci\u00f3n Profesional (Inefop) y apoyada por la Confederaci\u00f3n Uruguaya de Entidades Cooperativas (Cudecoop).&nbsp; De la mesa de apertura participaron Nicol\u00e1s Urrutia, vicepresidente de la Comisi\u00f3n T\u00e9cnico Mixta de Salto Grande por Uruguay; Carolina Moreira, supervisora del proyecto por Inefop; Valentina Moreira, referente territorial del Instituto Nacional del Cooperativismo (Inacoop); Alicia [&#8230;]<\/p>\n","protected":false},"author":27,"featured_media":5369,"comment_status":"open","ping_status":"open","sticky":false,"template":"","format":"standard","meta":{"_acf_changed":false,"ngg_post_thumbnail":0,"footnotes":""},"categories":[7,6,1],"tags":[],"class_list":["post-5367","post","type-post","status-publish","format-standard","has-post-thumbnail","hentry","category-cooperativas","category-institucionales","category-noticias"],"acf":[],"_links":{"self":[{"href":"https:\/\/www.cudecoop.coop\/cudecoop\/wp-json\/wp\/v2\/posts\/5367","targetHints":{"allow":["GET"]}}],"collection":[{"href":"https:\/\/www.cudecoop.coop\/cudecoop\/wp-json\/wp\/v2\/posts"}],"about":[{"href":"https:\/\/www.cudecoop.coop\/cudecoop\/wp-json\/wp\/v2\/types\/post"}],"author":[{"embeddable":true,"href":"https:\/\/www.cudecoop.coop\/cudecoop\/wp-json\/wp\/v2\/users\/27"}],"replies":[{"embeddable":true,"href":"https:\/\/www.cudecoop.coop\/cudecoop\/wp-json\/wp\/v2\/comments?post=5367"}],"version-history":[{"count":4,"href":"https:\/\/www.cudecoop.coop\/cudecoop\/wp-json\/wp\/v2\/posts\/5367\/revisions"}],"predecessor-version":[{"id":5372,"href":"https:\/\/www.cudecoop.coop\/cudecoop\/wp-json\/wp\/v2\/posts\/5367\/revisions\/5372"}],"wp:featuredmedia":[{"embeddable":true,"href":"https:\/\/www.cudecoop.coop\/cudecoop\/wp-json\/wp\/v2\/media\/5369"}],"wp:attachment":[{"href":"https:\/\/www.cudecoop.coop\/cudecoop\/wp-json\/wp\/v2\/media?parent=5367"}],"wp:term":[{"taxonomy":"category","embeddable":true,"href":"https:\/\/www.cudecoop.coop\/cudecoop\/wp-json\/wp\/v2\/categories?post=5367"},{"taxonomy":"post_tag","embeddable":true,"href":"https:\/\/www.cudecoop.coop\/cudecoop\/wp-json\/wp\/v2\/tags?post=5367"}],"curies":[{"name":"wp","href":"https:\/\/api.w.org\/{rel}","templated":true}]}}