{"id":5363,"date":"2025-11-28T18:20:05","date_gmt":"2025-11-28T21:20:05","guid":{"rendered":"https:\/\/www.cudecoop.coop\/cudecoop\/?p=5363"},"modified":"2025-11-28T18:23:29","modified_gmt":"2025-11-28T21:23:29","slug":"4o-evento-de-cooperativas-de-las-americas-delegacion-uruguaya-presente","status":"publish","type":"post","link":"https:\/\/www.cudecoop.coop\/cudecoop\/4o-evento-de-cooperativas-de-las-americas-delegacion-uruguaya-presente\/","title":{"rendered":"4\u00ba evento de Cooperativas de las Am\u00e9ricas &#8211; Delegaci\u00f3n uruguaya presente"},"content":{"rendered":"<p>Desde el lunes 24 de noviembre y hasta el jueves 27 de noviembre de 2025, se llev\u00f3 adelante el 4\u00ba evento de Cooperativas de las Am\u00e9ricas en la Ciudad del Saber.<\/p>\n<p>El encuentro planteado como actividad de cierre del A\u00f1o Internacional de las Cooperativas 2025 tuvo como centro el tema: <em>&#8220;Econom\u00eda y sociedad del cuidado: las cooperativas aportando al desarrollo sostenible para un futuro mejor en las Am\u00e9ricas&#8221;.<\/em><\/p>\n<p>La organizaci\u00f3n estuvo en la \u00f3rbita de Cooperativas de las Am\u00e9ricas, en alianza con el Instituto Paname\u00f1o Aut\u00f3nomo Cooperativo (IPACOOP) con la participaci\u00f3n de representantes del movimiento cooperativo regional e internacional, entre ellos una delegaci\u00f3n uruguaya en representaci\u00f3n de las entidades cooperativas de nuestro pa\u00eds, integrada por <strong>Hugo Monta\u00f1o<\/strong>, Presidente de Cudecoop y Consejero de Cooperativas de las Am\u00e9ricas, <strong>Mar\u00eda de los \u00c1ngeles Datti<\/strong>, Vocal de CREG &#8211; Comit\u00e9 regional de equidad de g\u00e9nero -, <strong>Alicia Maneiro<\/strong>, Presidenta del Comit\u00e9 de vivienda de Cooperativas de las Am\u00e9ricas.<\/p>\n<p>La propuesta incluy\u00f3 paneles de alto nivel y talleres de capacitaci\u00f3n, reflexi\u00f3n e intercambio en formato de \u201claboratorios\u201d a cargo de ONU Mujeres, FAO, OIT, OIM, PNUD, en abordajes como \u201cConstruyendo la econom\u00eda y sociedad del cuidado \u2013 aporte del cooperativismo para la Agenda del futuro de la ONU\u201d, \u201cDesarrollo humano, redes de cuidados y cooperativismo de salud\u201d, \u201cCooperaci\u00f3n e innovaci\u00f3n para una econom\u00eda verde\u201d, \u201cMundialito cooperativo de f\u00fatbol\u201d, \u201cCooperativas y cuidado de las personas: adultos mayores, envejecimiento, alianzas territoriales e innovaci\u00f3n para el cumplimiento del ODS3\u201d, \u201cEmpoderamiento de las mujeres, igualdad de g\u00e9nero y liderazgo\u201d, \u201cFortalecer la econom\u00eda de los cuidados desde el sector cooperativo agropecuario\u201d, \u201cMovilidad y saberes\u201d, \u201cCooperativismo y equidad de g\u00e9nero\u201d y \u201cAliados cooperativos\u201d.<\/p>\n<p>Adem\u00e1s, se llev\u00f3 adelante una conferencia inaugural, con reporte de colaboraciones y l\u00edneas de trabajo, un espect\u00e1culo cultural de bienvenida y visita a la zona ind\u00edgena de turismo sostenible.<\/p>\n<p><strong>Cudecoop presente.<\/strong> Durante las intensas jornadas de intercambio y trabajo se profundiz\u00f3 en los desaf\u00edos que enfrentan las pol\u00edticas p\u00fablicas y el movimiento cooperativo para avanzar hacia una sociedad del cuidado.<\/p>\n<p>Fueron d\u00edas de reflexi\u00f3n, articulaci\u00f3n y compromisos renovados para continuar construyendo un mundo m\u00e1s justo y solidario.<\/p>\n<p>Hugo Monta\u00f1o, presidente de Cudecoop, destac\u00f3 la amplia participaci\u00f3n del Comit\u00e9 de Partes Aliadas y de los organismos internacionales que este a\u00f1o han acompa\u00f1ado especialmente al movimiento cooperativo. Adelant\u00f3, adem\u00e1s, que es posible que esta presencia se consolide y se ampl\u00ede, dado el anuncio oficial realizado durante el evento por parte de la ONU sobre que se establecer\u00e1 una resoluci\u00f3n para que, cada diez a\u00f1os, se celebre un A\u00f1o Internacional de las Cooperativas. <em>\u201cEsto marca la importancia que el cooperativismo tiene para las Naciones Unidas como una alternativa econ\u00f3mica y social de gran relevancia, otorg\u00e1ndole en el mundo la difusi\u00f3n necesaria y apuntando a sostener e intensificar el trabajo para su desarrollo y profundizaci\u00f3n\u201d,<\/em> subray\u00f3.<\/p>\n<p>En ese marco se trabaj\u00f3 en conferencias y talleres con la trasversalidad de la tem\u00e1tica de los cuidados<em>. \u201cUno de los elementos que estuvieron sobre la mesa fue que a la vez de que el cooperativismo pone en su centro a las personas y por lo tanto al cuidado de las personas, tambi\u00e9n va poniendo un l\u00edmite en el cuidado del planeta que es lo que contiene a ese ser humano que queremos defender y ese es otro de los elementos que fueron centrales en la discusi\u00f3n del evento\u201d<\/em> agreg\u00f3 Monta\u00f1o.<\/p>\n<p>Para el presidente de Cudecoop, lo m\u00e1s singular fue el destaque a la profunda participaci\u00f3n que tienen las mujeres en el desarrollo de los cuidados, en la generaci\u00f3n de la conciencia entorno a los cuidados y en el c\u00f3mo los cuidados est\u00e1n transformando todas las din\u00e1micas.<\/p>\n<p><em>\u201cAdem\u00e1s de ser una opci\u00f3n econ\u00f3mica, es un instrumento que hay que atenderlo bien en cuanto a su transversalidad en temas de g\u00e9nero, inclusi\u00f3n, equidad teniendo en cuenta que las que cuidan generalmente son las mujeres y que hoy adem\u00e1s de los cuidados internos se agregan los de afuera como tarea\u201d<\/em> expresa Hugo Monta\u00f1o.<\/p>\n<p>En el evento, Uruguay con su ley de cuidados promulgada en el a\u00f1o 2007 \u2013 Ley N\u00b0 19353 \u2013 que crea al Sistema Nacional Integrado de Cuidados fue ampliamente citado como referencia en cuanto a su marco regulatorio y caracter\u00edsticas de la legislaci\u00f3n.<\/p>\n<p>En un mismo sentido hubo un alto nivel de participaci\u00f3n con varios uruguayos y uruguayas en los diferentes paneles que pusieron \u00e9nfasis en la necesidad de atender la participaci\u00f3n de las mujeres en las tomas de decisiones y en la generaci\u00f3n de las pol\u00edticas p\u00fablicas m\u00e1s all\u00e1 de la intervenci\u00f3n directa como cuidadoras.<\/p>\n<p><em>\u201cHicieron excelentes apreciaciones sobre los aspectos econ\u00f3micos de los cuidados, la generaci\u00f3n de empleo y trabajo con participaci\u00f3n de mujeres en la amplia mayor\u00eda contribuyendo a su autonom\u00eda, pero a la par como esto no se refleja en su participaci\u00f3n en la toma de decisiones\u201d<\/em> reflexion\u00f3 Monta\u00f1o.<\/p>\n<p>Por su parte Alicia Maneiro destac\u00f3 la importancia de que el Comit\u00e9 de Vivienda est\u00e9 presente activamente en esta actividad de cierre del A\u00f1o Internacional de las Cooperativas dado que est\u00e1 enfocada en la econom\u00eda del <em>cuidado \u201cy los temas de cuidado y la vivienda van muy de la mano, entonces en ese sentido la importancia del acompa\u00f1amiento desde el comit\u00e9 de vivienda es fundamental y desde ah\u00ed le he dado mucho provecho a esta actividad\u201d.<\/em><\/p>\n<p>La agenda de la delegaci\u00f3n uruguaya incluy\u00f3 una reuni\u00f3n con la embajadora de Uruguay en Panam\u00e1, Carolina Villarrubia Barreto y con el presidente del Instituto Paname\u00f1o de Cooperativismo (IPACOOP), Boris Allara, para la coordinaci\u00f3n de futuras acciones de cooperaci\u00f3n para el fortalecimiento del desarrollo del sector y las alianzas en la regi\u00f3n adem\u00e1s de instancias de confraternizaci\u00f3n con representantes de toda Am\u00e9rica.<\/p>\n<p>El evento culmin\u00f3 con el izado de la bandera del A\u00f1o Internacional de las Cooperativas en la entrada de la Ciudad del Saber, durante un acto protocolar que cont\u00f3 con la presencia de las autoridades.<\/p>\n","protected":false},"excerpt":{"rendered":"<p>Desde el lunes 24 de noviembre y hasta el jueves 27 de noviembre de 2025, se llev\u00f3 adelante el 4\u00ba evento de Cooperativas de las Am\u00e9ricas en la Ciudad del Saber. El encuentro planteado como actividad de cierre del A\u00f1o Internacional de las Cooperativas 2025 tuvo como centro el tema: &#8220;Econom\u00eda y sociedad del cuidado: las cooperativas aportando al desarrollo sostenible para un futuro mejor en las Am\u00e9ricas&#8221;. La organizaci\u00f3n estuvo en la \u00f3rbita de Cooperativas de las Am\u00e9ricas, en alianza con el Instituto Paname\u00f1o Aut\u00f3nomo Cooperativo (IPACOOP) con la participaci\u00f3n de representantes del movimiento cooperativo regional e internacional, entre [&#8230;]<\/p>\n","protected":false},"author":27,"featured_media":5365,"comment_status":"open","ping_status":"open","sticky":false,"template":"","format":"standard","meta":{"_acf_changed":false,"ngg_post_thumbnail":0,"footnotes":""},"categories":[7,6,1],"tags":[],"class_list":["post-5363","post","type-post","status-publish","format-standard","has-post-thumbnail","hentry","category-cooperativas","category-institucionales","category-noticias"],"acf":[],"_links":{"self":[{"href":"https:\/\/www.cudecoop.coop\/cudecoop\/wp-json\/wp\/v2\/posts\/5363","targetHints":{"allow":["GET"]}}],"collection":[{"href":"https:\/\/www.cudecoop.coop\/cudecoop\/wp-json\/wp\/v2\/posts"}],"about":[{"href":"https:\/\/www.cudecoop.coop\/cudecoop\/wp-json\/wp\/v2\/types\/post"}],"author":[{"embeddable":true,"href":"https:\/\/www.cudecoop.coop\/cudecoop\/wp-json\/wp\/v2\/users\/27"}],"replies":[{"embeddable":true,"href":"https:\/\/www.cudecoop.coop\/cudecoop\/wp-json\/wp\/v2\/comments?post=5363"}],"version-history":[{"count":1,"href":"https:\/\/www.cudecoop.coop\/cudecoop\/wp-json\/wp\/v2\/posts\/5363\/revisions"}],"predecessor-version":[{"id":5364,"href":"https:\/\/www.cudecoop.coop\/cudecoop\/wp-json\/wp\/v2\/posts\/5363\/revisions\/5364"}],"wp:featuredmedia":[{"embeddable":true,"href":"https:\/\/www.cudecoop.coop\/cudecoop\/wp-json\/wp\/v2\/media\/5365"}],"wp:attachment":[{"href":"https:\/\/www.cudecoop.coop\/cudecoop\/wp-json\/wp\/v2\/media?parent=5363"}],"wp:term":[{"taxonomy":"category","embeddable":true,"href":"https:\/\/www.cudecoop.coop\/cudecoop\/wp-json\/wp\/v2\/categories?post=5363"},{"taxonomy":"post_tag","embeddable":true,"href":"https:\/\/www.cudecoop.coop\/cudecoop\/wp-json\/wp\/v2\/tags?post=5363"}],"curies":[{"name":"wp","href":"https:\/\/api.w.org\/{rel}","templated":true}]}}