{"id":5337,"date":"2025-11-26T10:57:58","date_gmt":"2025-11-26T13:57:58","guid":{"rendered":"https:\/\/www.cudecoop.coop\/cudecoop\/?p=5337"},"modified":"2025-11-26T10:57:58","modified_gmt":"2025-11-26T13:57:58","slug":"dia-internacional-de-la-eliminacion-de-la-violencia-contra-las-mujeres","status":"publish","type":"post","link":"https:\/\/www.cudecoop.coop\/cudecoop\/dia-internacional-de-la-eliminacion-de-la-violencia-contra-las-mujeres\/","title":{"rendered":"D\u00eda Internacional de la Eliminaci\u00f3n de la Violencia contra las Mujeres"},"content":{"rendered":"<p><em>En el marco de la conmemoraci\u00f3n del <strong>D\u00eda Internacional de la Eliminaci\u00f3n de la Violencia contra las Mujeres (25N)<\/strong>, la Comisi\u00f3n de G\u00e9nero de Cudecoop y las mujeres cooperativistas manifestamos una vez m\u00e1s nuestro firme compromiso con la erradicaci\u00f3n de toda forma de violencia dirigida a mujeres y ni\u00f1as. Reconocemos y visibilizamos esta problem\u00e1tica como un desaf\u00edo ineludible que concierne directamente al movimiento cooperativo.<\/em><\/p>\n<p>La violencia contra las mujeres y ni\u00f1as afecta a una de cada tres mujeres seg\u00fan datos de ONU Mujeres, lo que la cataloga como una emergencia mundial de derechos humanos que debe erradicarse. Con motivo del 30.\u00ba aniversario de la Declaraci\u00f3n y Plataforma de Acci\u00f3n de Beijing, reafirmamos la vigencia de sus postulados.<\/p>\n<p>El 2025, declarado por la Organizaci\u00f3n de las Naciones Unidas como el A\u00f1o Internacional de las Cooperativas, propone el lema \u00ab<strong>Las cooperativas construyen un mundo mejor<\/strong>\u00bb como muestra del impacto permanente que tienen las cooperativas a nivel mundial. Esta declaraci\u00f3n posiciona al modelo cooperativo y destaca su importancia para acelerar el trabajo hacia alcanzar los Objetivos de Desarrollo Sostenible (ODS) en 2030; con especial \u00e9nfasis en el ODS 5 \u201c<em>Lograr la igualdad entre los g\u00e9neros y empoderar a todas las mujeres y las ni\u00f1as\u201d.&nbsp;<\/em><\/p>\n<p>Uruguay cuenta con m\u00e1s de 4.000 cooperativas que nuclean a m\u00e1s de 1.000.000 de personas, gran porcentaje de ellas mujeres; es por eso que este a\u00f1o bajo el lema \u201c<strong>cooperar es cuidarnos<\/strong>\u201d nos proponemos trazar nuevas l\u00edneas de acci\u00f3n para comprometernos a fortalecer los lazos de un movimiento cooperativo m\u00e1s justo, solidario y sostenible.&nbsp;<\/p>\n<p>Seg\u00fan un informe del Ministerio del Interior atendiendo a casos \u201caclarados\u201d, en el a\u00f1o 2024, 22 mujeres fueron v\u00edctimas de femicidio, pero un gran n\u00famero de casos a\u00fan se encuentran en la justicia para ser esclarecidos.&nbsp;<\/p>\n<p>Del reporte 2024 del informe del Sistema Integral de Protecci\u00f3n a la Infancia y a la Adolescencia contra la Violencia se detect\u00f3 e intervino en <strong>8.924 situaciones de violencia<\/strong> hacia ni\u00f1as, ni\u00f1os y adolescentes en Uruguay, representando un promedio de 24 situaciones por d\u00eda. Del total de casos, el 56% corresponde a mujeres, mayoritariamente adolescentes entre los 13 y 17 a\u00f1os.&nbsp;<\/p>\n<p>Estas no son s\u00f3lo cifras es la realidad que viven las mujeres y ni\u00f1as de Uruguay.&nbsp;&nbsp;<\/p>\n<p>Organizaciones Civiles y movimientos organizados de mujeres se encuentran estudiando la violencia que ha tomado renombre \u00e9ste \u00faltimo a\u00f1o en Uruguay pero que se ha perpetrado hace d\u00e9cadas: <strong>violencia vicaria<\/strong>. Esta violencia se define como aquella que se ejerce sobre las\/os hijas\/os, o personas allegadas a la mujer con la finalidad de causarle el mayor y m\u00e1s grave da\u00f1o psicol\u00f3gico, alcanzando su grado m\u00e1ximo de crueldad con el homicidio de esas personas.&nbsp;<\/p>\n<p>El cuidado parte de la construcci\u00f3n colectiva, de pensarse dentro de las posibilidades y derechos del otro\/a, pero tambi\u00e9n de los l\u00edmites y deberes, por eso creemos fundamental contar con reglamentos internos con perspectiva de g\u00e9nero y analizar ley 18.407 &#8211; Ley General de Cooperativas &#8211; con perspectiva de g\u00e9nero pensando incluso en su reforma.<\/p>\n<p>Para poder trabajar en g\u00e9nero, para poder llegar a cada rinc\u00f3n del pa\u00eds, para poder amplificar la comunicaci\u00f3n y el acceso a la informaci\u00f3n, para poder contribuir al acceso a la justicia, para poder dar respuesta a las miles de mujeres cooperativistas que hacen al movimiento, es necesario y urgente contar con mayores recursos.&nbsp;<\/p>\n<p>Para seguir construyendo un Uruguay pa\u00eds m\u00e1s justo y m\u00e1s igualitario el movimiento cooperativo en su conjunto todo se compromete a minimizar las diferencias estructurales, geogr\u00e1ficas, culturales, y levantar la voz porque \u201c<strong>cooperar es cuidarnos<\/strong>\u201d.<\/p>\n<p><a href=\"http:\/\/www.cudecoop.coop\/cudecoop\/wp-content\/uploads\/2025\/11\/Declaratoria_25N_2025.pdf\">Declaratoria_25N_2025<\/a><\/p>\n","protected":false},"excerpt":{"rendered":"<p>En el marco de la conmemoraci\u00f3n del D\u00eda Internacional de la Eliminaci\u00f3n de la Violencia contra las Mujeres (25N), la Comisi\u00f3n de G\u00e9nero de Cudecoop y las mujeres cooperativistas manifestamos una vez m\u00e1s nuestro firme compromiso con la erradicaci\u00f3n de toda forma de violencia dirigida a mujeres y ni\u00f1as. Reconocemos y visibilizamos esta problem\u00e1tica como un desaf\u00edo ineludible que concierne directamente al movimiento cooperativo. La violencia contra las mujeres y ni\u00f1as afecta a una de cada tres mujeres seg\u00fan datos de ONU Mujeres, lo que la cataloga como una emergencia mundial de derechos humanos que debe erradicarse. Con motivo del [&#8230;]<\/p>\n","protected":false},"author":27,"featured_media":5338,"comment_status":"open","ping_status":"open","sticky":false,"template":"","format":"standard","meta":{"_acf_changed":false,"ngg_post_thumbnail":0,"footnotes":""},"categories":[7,6,1],"tags":[],"class_list":["post-5337","post","type-post","status-publish","format-standard","has-post-thumbnail","hentry","category-cooperativas","category-institucionales","category-noticias"],"acf":[],"_links":{"self":[{"href":"https:\/\/www.cudecoop.coop\/cudecoop\/wp-json\/wp\/v2\/posts\/5337","targetHints":{"allow":["GET"]}}],"collection":[{"href":"https:\/\/www.cudecoop.coop\/cudecoop\/wp-json\/wp\/v2\/posts"}],"about":[{"href":"https:\/\/www.cudecoop.coop\/cudecoop\/wp-json\/wp\/v2\/types\/post"}],"author":[{"embeddable":true,"href":"https:\/\/www.cudecoop.coop\/cudecoop\/wp-json\/wp\/v2\/users\/27"}],"replies":[{"embeddable":true,"href":"https:\/\/www.cudecoop.coop\/cudecoop\/wp-json\/wp\/v2\/comments?post=5337"}],"version-history":[{"count":1,"href":"https:\/\/www.cudecoop.coop\/cudecoop\/wp-json\/wp\/v2\/posts\/5337\/revisions"}],"predecessor-version":[{"id":5340,"href":"https:\/\/www.cudecoop.coop\/cudecoop\/wp-json\/wp\/v2\/posts\/5337\/revisions\/5340"}],"wp:featuredmedia":[{"embeddable":true,"href":"https:\/\/www.cudecoop.coop\/cudecoop\/wp-json\/wp\/v2\/media\/5338"}],"wp:attachment":[{"href":"https:\/\/www.cudecoop.coop\/cudecoop\/wp-json\/wp\/v2\/media?parent=5337"}],"wp:term":[{"taxonomy":"category","embeddable":true,"href":"https:\/\/www.cudecoop.coop\/cudecoop\/wp-json\/wp\/v2\/categories?post=5337"},{"taxonomy":"post_tag","embeddable":true,"href":"https:\/\/www.cudecoop.coop\/cudecoop\/wp-json\/wp\/v2\/tags?post=5337"}],"curies":[{"name":"wp","href":"https:\/\/api.w.org\/{rel}","templated":true}]}}