{"id":5333,"date":"2025-11-25T16:24:18","date_gmt":"2025-11-25T19:24:18","guid":{"rendered":"https:\/\/www.cudecoop.coop\/cudecoop\/?p=5333"},"modified":"2025-11-25T16:24:18","modified_gmt":"2025-11-25T19:24:18","slug":"llamado-a-asamblea-general-extraordinaria-diciembre-2025","status":"publish","type":"post","link":"https:\/\/www.cudecoop.coop\/cudecoop\/llamado-a-asamblea-general-extraordinaria-diciembre-2025\/","title":{"rendered":"LLAMADO A ASAMBLEA GENERAL EXTRAORDINARIA DICIEMBRE 2025"},"content":{"rendered":"<p style=\"font-weight: 400;\">El Consejo Directivo de la Confederaci\u00f3n Uruguaya de Entidades Cooperativas convoca a sus asociados a la Asamblea General Extraordinaria a realizarse el d\u00eda 11 de diciembre de 2025 en la Sede de CUDECOOP ubicada en Av. 18 de Julio 948 oficina 502, Montevideo, en car\u00e1cter exclusivamente presencial:<\/p>\n<p style=\"font-weight: 400;\"><strong>Orden del D\u00eda:<\/strong><\/p>\n<p style=\"font-weight: 400;\">Consideraci\u00f3n de admisi\u00f3n de la Federaci\u00f3n del Programa de Vivienda Sindical como adherente de la Confederaci\u00f3n Uruguaya de Entidades Cooperativas.<\/p>\n<p style=\"font-weight: 400;\">1\u00aa Convocatoria \u2013 hora 16:00<\/p>\n<p style=\"font-weight: 400;\">2\u00aa Convocatoria \u2013 hora 17:00<\/p>\n<p><a href=\"http:\/\/www.cudecoop.coop\/cudecoop\/wp-content\/uploads\/2025\/11\/Documento-disponible-aqui.pdf\">&#8211; Documento disponible aqu\u00ed<\/a><\/p>\n","protected":false},"excerpt":{"rendered":"<p>El Consejo Directivo de la Confederaci\u00f3n Uruguaya de Entidades Cooperativas convoca a sus asociados a la Asamblea General Extraordinaria a realizarse el d\u00eda 11 de diciembre de 2025 en la Sede de CUDECOOP ubicada en Av. 18 de Julio 948 oficina 502, Montevideo, en car\u00e1cter exclusivamente presencial: Orden del D\u00eda: Consideraci\u00f3n de admisi\u00f3n de la Federaci\u00f3n del Programa de Vivienda Sindical como adherente de la Confederaci\u00f3n Uruguaya de Entidades Cooperativas. 1\u00aa Convocatoria \u2013 hora 16:00 2\u00aa Convocatoria \u2013 hora 17:00 &#8211; Documento disponible [&#8230;]<\/p>\n","protected":false},"author":27,"featured_media":5335,"comment_status":"open","ping_status":"open","sticky":false,"template":"","format":"standard","meta":{"_acf_changed":false,"ngg_post_thumbnail":0,"footnotes":""},"categories":[7,6,1],"tags":[],"class_list":["post-5333","post","type-post","status-publish","format-standard","has-post-thumbnail","hentry","category-cooperativas","category-institucionales","category-noticias"],"acf":[],"_links":{"self":[{"href":"https:\/\/www.cudecoop.coop\/cudecoop\/wp-json\/wp\/v2\/posts\/5333","targetHints":{"allow":["GET"]}}],"collection":[{"href":"https:\/\/www.cudecoop.coop\/cudecoop\/wp-json\/wp\/v2\/posts"}],"about":[{"href":"https:\/\/www.cudecoop.coop\/cudecoop\/wp-json\/wp\/v2\/types\/post"}],"author":[{"embeddable":true,"href":"https:\/\/www.cudecoop.coop\/cudecoop\/wp-json\/wp\/v2\/users\/27"}],"replies":[{"embeddable":true,"href":"https:\/\/www.cudecoop.coop\/cudecoop\/wp-json\/wp\/v2\/comments?post=5333"}],"version-history":[{"count":1,"href":"https:\/\/www.cudecoop.coop\/cudecoop\/wp-json\/wp\/v2\/posts\/5333\/revisions"}],"predecessor-version":[{"id":5336,"href":"https:\/\/www.cudecoop.coop\/cudecoop\/wp-json\/wp\/v2\/posts\/5333\/revisions\/5336"}],"wp:featuredmedia":[{"embeddable":true,"href":"https:\/\/www.cudecoop.coop\/cudecoop\/wp-json\/wp\/v2\/media\/5335"}],"wp:attachment":[{"href":"https:\/\/www.cudecoop.coop\/cudecoop\/wp-json\/wp\/v2\/media?parent=5333"}],"wp:term":[{"taxonomy":"category","embeddable":true,"href":"https:\/\/www.cudecoop.coop\/cudecoop\/wp-json\/wp\/v2\/categories?post=5333"},{"taxonomy":"post_tag","embeddable":true,"href":"https:\/\/www.cudecoop.coop\/cudecoop\/wp-json\/wp\/v2\/tags?post=5333"}],"curies":[{"name":"wp","href":"https:\/\/api.w.org\/{rel}","templated":true}]}}