{"id":5328,"date":"2025-11-24T17:06:56","date_gmt":"2025-11-24T20:06:56","guid":{"rendered":"https:\/\/www.cudecoop.coop\/cudecoop\/?p=5328"},"modified":"2025-12-05T17:08:44","modified_gmt":"2025-12-05T20:08:44","slug":"seguimos-recorriendo-el-pais-ciclo-de-talleres-avanza-fortaleciendo-el-dialogo-la-prevencion-y-la-gestion-de-conflictos-en-las-cooperativas","status":"publish","type":"post","link":"https:\/\/www.cudecoop.coop\/cudecoop\/seguimos-recorriendo-el-pais-ciclo-de-talleres-avanza-fortaleciendo-el-dialogo-la-prevencion-y-la-gestion-de-conflictos-en-las-cooperativas\/","title":{"rendered":"\u00a1Seguimos recorriendo el pa\u00eds! Ciclo de talleres avanza fortaleciendo el di\u00e1logo, la prevenci\u00f3n y la gesti\u00f3n de conflictos en las cooperativas"},"content":{"rendered":"<p data-start=\"140\" data-end=\"861\">Desde principios de octubre y hasta diciembre, la docente y mediadora Leslie Falca, en articulaci\u00f3n con Promotoras y Promotores del Programa de Desarrollo Cooperativo Territorial, recorre los distintos Departamentos con el ciclo de talleres &#8220;Negociaci\u00f3n, Mediaci\u00f3n e Incidencia&#8221;. Este recorrido viene confirmando el valor de generar espacios formativos y vivenciales que fortalezcan las capacidades colectivas del movimiento cooperativo.<\/p>\n<p data-start=\"140\" data-end=\"861\">Los encuentros realizados hasta el momento han permitido profundizar en el di\u00e1logo, la colaboraci\u00f3n y la resoluci\u00f3n participativa de conflictos, reafirmando los principios cooperativos que orientan este proceso.<\/p>\n<p>Leslie Falca, quien ya ha dictado los talleres en Cerro Largo, Salto, Paysand\u00fa, Maldonado, Treinta y Tres, R\u00edo Negro y Soriano, destaca la convocatoria y la expresi\u00f3n de las y los participantes de continuar profundizando en estas tem\u00e1ticas &#8220;El tema les interesa, todo lo que tiene que ver con conflictos interesa. Ellos (los cooperativistas) traen sus propios conflictos, y se tratan de trabajar herramientas aplicables a sus propias experiencias en sus cooperativas&#8221; Lo cierto es que se hace muy participativo y creativo, sus propias formas de gestionar conflictos que tambi\u00e9n son v\u00e1lidas&#8221;, se enriquecen con las herramientas proporcionadas.<\/p>\n<p>Al ser consultada sobre c\u00f3mo cree que se puede proyectar en estas tem\u00e1ticas hacia el futuro, Falca respondi\u00f3 &#8220;Hay mucha gente que me dice que le gustar\u00eda profundizar en cada herramienta, la aplicabilidad en la cooperativa y en la vida. Tambi\u00e9n hay quienes quisieran trabajar los propios conflictos de cada cooperativa, hay algunos que son recurrentes. Hay conflictos distintos seg\u00fan el tipo de cooperativa y eso tambi\u00e9n influye, entonces se podr\u00eda profundizar en las metodolog\u00edas adecuadas aplicables a lo cotidiano&#8221;.&nbsp;<\/p>\n<p data-start=\"140\" data-end=\"861\">Gracias al trabajo articulado con Promotoras y Promotores, las instancias ya desarrolladas en distintos Departamentos muestran un alto nivel de participaci\u00f3n y un compromiso sostenido por parte de las cooperativas.<\/p>\n<p data-start=\"140\" data-end=\"861\">Las pr\u00f3ximas fechas son:&nbsp;<\/p>\n<p data-start=\"140\" data-end=\"861\">\ud83d\uddd3\ufe0f2 de diciembre\ud83d\udccdFlorida \u270d\ud83c\udffd Inscripciones&nbsp;<a href=\"https:\/\/forms.gle\/87LKxVsnxL79ispM9\">aqu\u00ed<\/a><\/p>\n<p data-start=\"140\" data-end=\"861\">\ud83d\uddd3\ufe0f3 de diciembre\ud83d\udccdSan Jacinto &#8211; Canelones \u270d\ud83c\udffd Inscripciones <a href=\"https:\/\/forms.gle\/bphyFno2vpDu3R7D8\">aqu\u00ed<\/a><\/p>\n<p data-start=\"140\" data-end=\"861\">\ud83d\uddd3\ufe0f4 de diciembre\ud83d\udccdCiudad de la Costa &#8211; Canelones \u270d\ud83c\udffd Inscripciones <a href=\"https:\/\/forms.gle\/N6Xk4L37nbTnSi7A6\">aqu\u00ed<\/a><\/p>\n<p data-start=\"140\" data-end=\"861\">\ud83d\uddd3\ufe0f8 de diciembre\ud83d\udccdJuan Lacaze &#8211; Colonia \u270d\ud83c\udffd Inscripciones&nbsp; <a href=\"https:\/\/forms.gle\/k92JTN2713JoZpQC8\">aqu\u00ed<\/a><\/p>\n<p data-start=\"140\" data-end=\"861\">\ud83d\uddd3\ufe0f12 de diciembre\ud83d\udccdSan Jos\u00e9 \u270d\ud83c\udffd Inscripciones <a href=\"https:\/\/forms.gle\/io2TTRfo4BauP32e6\">aqu\u00ed<\/a><\/p>\n<p data-start=\"140\" data-end=\"861\">\ud83d\uddd3\ufe0f18 de diciembre\ud83d\udccdTacuaremb\u00f3 \u270d\ud83c\udffd Inscripciones <a href=\"https:\/\/forms.gle\/qe25rpckwL9A7cbh6\">aqu\u00ed<\/a><\/p>\n<p data-start=\"140\" data-end=\"861\">\ud83d\uddd3\ufe0f19 de diciembre\ud83d\udccdPaso de los Toros &#8211; Tacuaremb\u00f3 \u270d\ud83c\udffd Inscripciones <a href=\"https:\/\/forms.gle\/KAFavQArU6s6b3iWA\">aqu\u00ed<\/a><\/p>\n","protected":false},"excerpt":{"rendered":"<p>Desde principios de octubre y hasta diciembre, la docente y mediadora Leslie Falca, en articulaci\u00f3n con Promotoras y Promotores del Programa de Desarrollo Cooperativo Territorial, recorre los distintos Departamentos con el ciclo de talleres &#8220;Negociaci\u00f3n, Mediaci\u00f3n e Incidencia&#8221;. Este recorrido viene confirmando el valor de generar espacios formativos y vivenciales que fortalezcan las capacidades colectivas del movimiento cooperativo. Los encuentros realizados hasta el momento han permitido profundizar en el di\u00e1logo, la colaboraci\u00f3n y la resoluci\u00f3n participativa de conflictos, reafirmando los principios cooperativos que orientan este proceso. Leslie Falca, quien ya ha dictado los talleres en Cerro Largo, Salto, Paysand\u00fa, Maldonado, [&#8230;]<\/p>\n","protected":false},"author":27,"featured_media":5330,"comment_status":"open","ping_status":"open","sticky":false,"template":"","format":"standard","meta":{"_acf_changed":false,"ngg_post_thumbnail":0,"footnotes":""},"categories":[7,6,1],"tags":[],"class_list":["post-5328","post","type-post","status-publish","format-standard","has-post-thumbnail","hentry","category-cooperativas","category-institucionales","category-noticias"],"acf":[],"_links":{"self":[{"href":"https:\/\/www.cudecoop.coop\/cudecoop\/wp-json\/wp\/v2\/posts\/5328","targetHints":{"allow":["GET"]}}],"collection":[{"href":"https:\/\/www.cudecoop.coop\/cudecoop\/wp-json\/wp\/v2\/posts"}],"about":[{"href":"https:\/\/www.cudecoop.coop\/cudecoop\/wp-json\/wp\/v2\/types\/post"}],"author":[{"embeddable":true,"href":"https:\/\/www.cudecoop.coop\/cudecoop\/wp-json\/wp\/v2\/users\/27"}],"replies":[{"embeddable":true,"href":"https:\/\/www.cudecoop.coop\/cudecoop\/wp-json\/wp\/v2\/comments?post=5328"}],"version-history":[{"count":4,"href":"https:\/\/www.cudecoop.coop\/cudecoop\/wp-json\/wp\/v2\/posts\/5328\/revisions"}],"predecessor-version":[{"id":5375,"href":"https:\/\/www.cudecoop.coop\/cudecoop\/wp-json\/wp\/v2\/posts\/5328\/revisions\/5375"}],"wp:featuredmedia":[{"embeddable":true,"href":"https:\/\/www.cudecoop.coop\/cudecoop\/wp-json\/wp\/v2\/media\/5330"}],"wp:attachment":[{"href":"https:\/\/www.cudecoop.coop\/cudecoop\/wp-json\/wp\/v2\/media?parent=5328"}],"wp:term":[{"taxonomy":"category","embeddable":true,"href":"https:\/\/www.cudecoop.coop\/cudecoop\/wp-json\/wp\/v2\/categories?post=5328"},{"taxonomy":"post_tag","embeddable":true,"href":"https:\/\/www.cudecoop.coop\/cudecoop\/wp-json\/wp\/v2\/tags?post=5328"}],"curies":[{"name":"wp","href":"https:\/\/api.w.org\/{rel}","templated":true}]}}