{"id":5317,"date":"2025-11-13T07:58:50","date_gmt":"2025-11-13T10:58:50","guid":{"rendered":"https:\/\/www.cudecoop.coop\/cudecoop\/?p=5317"},"modified":"2025-11-13T18:52:37","modified_gmt":"2025-11-13T21:52:37","slug":"cudecoop-firmo-un-nuevo-convenio-con-el-colegio-de-contadores-economistas-y-administradores-del-uruguay","status":"publish","type":"post","link":"https:\/\/www.cudecoop.coop\/cudecoop\/cudecoop-firmo-un-nuevo-convenio-con-el-colegio-de-contadores-economistas-y-administradores-del-uruguay\/","title":{"rendered":"Cudecoop firm\u00f3 un nuevo convenio con el Colegio de Contadores, Economistas y Administradores del Uruguay"},"content":{"rendered":"<p>El lunes 10 de noviembre en la Casa del Cooperativismo, sede de la Confederaci\u00f3n Uruguaya de Entidades Cooperativas (Cudecoop) se celebr\u00f3 la firma de un nuevo convenio de cooperaci\u00f3n con el Colegio de Contadores, Economistas y Administradores del Uruguay (CCEAU).<\/p>\n<p>De la instancia participaron Hugo Monta\u00f1o, presidente de Cudecoop; Juan Carlos Canessa, secretario; Cristina Freire, presidenta del CCEAU y Silvia Leal, secretaria.<\/p>\n<p>El objeto del convenio consiste en la conjunci\u00f3n de esfuerzos de manera de llevar adelante actividades y acciones orientadas a promover y sustanciar la actividad profesional de los afiliados al CCEAU en el sector cooperativo y asumir una actitud colaborativa en todos aquellos temas que puedan ser de mutuo inter\u00e9s.<\/p>\n<p>Las l\u00edneas de trabajo que se implementar\u00e1n a trav\u00e9s del presente convenio ser\u00e1n:<br \/>\n<strong>a)<\/strong> Coordinaci\u00f3n de acciones sobre aspectos institucionales vinculados a la tem\u00e1tica cooperativa que sean de mutuo inter\u00e9s, tales como relacionamiento con entidades estatales, normativa jur\u00eddica y administrativa.<br \/>\n<strong>b)<\/strong> Abordaje de tem\u00e1ticas contables y tributarias de las cooperativas.<br \/>\n<strong>c)<\/strong> Promoci\u00f3n e investigaci\u00f3n de la forma jur\u00eddica cooperativa desde la \u00f3ptica econ\u00f3mica, financiera administrativa y contable promoviendo la complementariedad en el dise\u00f1o y ejecuci\u00f3n de las pol\u00edticas activas en el \u00e1mbito de las respectivas competencias de cada parte.<\/p>\n<p>En este sentido, se propender\u00e1 a la ampliaci\u00f3n de intercambio de informaci\u00f3n t\u00e9cnica, la cooperaci\u00f3n y la complementariedad del accionar entre Cudecoop y el CCEAU para favorecer el fortalecimiento de ambas instituciones procurando la utilizaci\u00f3n \u00f3ptima de sus recursos.<\/p>\n","protected":false},"excerpt":{"rendered":"<p>El lunes 10 de noviembre en la Casa del Cooperativismo, sede de la Confederaci\u00f3n Uruguaya de Entidades Cooperativas (Cudecoop) se celebr\u00f3 la firma de un nuevo convenio de cooperaci\u00f3n con el Colegio de Contadores, Economistas y Administradores del Uruguay (CCEAU). De la instancia participaron Hugo Monta\u00f1o, presidente de Cudecoop; Juan Carlos Canessa, secretario; Cristina Freire, presidenta del CCEAU y Silvia Leal, secretaria. El objeto del convenio consiste en la conjunci\u00f3n de esfuerzos de manera de llevar adelante actividades y acciones orientadas a promover y sustanciar la actividad profesional de los afiliados al CCEAU en el sector cooperativo y asumir una [&#8230;]<\/p>\n","protected":false},"author":27,"featured_media":5323,"comment_status":"open","ping_status":"open","sticky":false,"template":"","format":"standard","meta":{"_acf_changed":false,"ngg_post_thumbnail":0,"footnotes":""},"categories":[7,6,1],"tags":[],"class_list":["post-5317","post","type-post","status-publish","format-standard","has-post-thumbnail","hentry","category-cooperativas","category-institucionales","category-noticias"],"acf":[],"_links":{"self":[{"href":"https:\/\/www.cudecoop.coop\/cudecoop\/wp-json\/wp\/v2\/posts\/5317","targetHints":{"allow":["GET"]}}],"collection":[{"href":"https:\/\/www.cudecoop.coop\/cudecoop\/wp-json\/wp\/v2\/posts"}],"about":[{"href":"https:\/\/www.cudecoop.coop\/cudecoop\/wp-json\/wp\/v2\/types\/post"}],"author":[{"embeddable":true,"href":"https:\/\/www.cudecoop.coop\/cudecoop\/wp-json\/wp\/v2\/users\/27"}],"replies":[{"embeddable":true,"href":"https:\/\/www.cudecoop.coop\/cudecoop\/wp-json\/wp\/v2\/comments?post=5317"}],"version-history":[{"count":1,"href":"https:\/\/www.cudecoop.coop\/cudecoop\/wp-json\/wp\/v2\/posts\/5317\/revisions"}],"predecessor-version":[{"id":5318,"href":"https:\/\/www.cudecoop.coop\/cudecoop\/wp-json\/wp\/v2\/posts\/5317\/revisions\/5318"}],"wp:featuredmedia":[{"embeddable":true,"href":"https:\/\/www.cudecoop.coop\/cudecoop\/wp-json\/wp\/v2\/media\/5323"}],"wp:attachment":[{"href":"https:\/\/www.cudecoop.coop\/cudecoop\/wp-json\/wp\/v2\/media?parent=5317"}],"wp:term":[{"taxonomy":"category","embeddable":true,"href":"https:\/\/www.cudecoop.coop\/cudecoop\/wp-json\/wp\/v2\/categories?post=5317"},{"taxonomy":"post_tag","embeddable":true,"href":"https:\/\/www.cudecoop.coop\/cudecoop\/wp-json\/wp\/v2\/tags?post=5317"}],"curies":[{"name":"wp","href":"https:\/\/api.w.org\/{rel}","templated":true}]}}