{"id":5303,"date":"2025-10-30T19:09:16","date_gmt":"2025-10-30T22:09:16","guid":{"rendered":"https:\/\/www.cudecoop.coop\/cudecoop\/?p=5303"},"modified":"2025-11-03T21:20:17","modified_gmt":"2025-11-04T00:20:17","slug":"silvana-avondet-es-la-nueva-coordinadora-ejecutiva-de-cudecoop","status":"publish","type":"post","link":"https:\/\/www.cudecoop.coop\/cudecoop\/silvana-avondet-es-la-nueva-coordinadora-ejecutiva-de-cudecoop\/","title":{"rendered":"Silvana Avondet es la nueva coordinadora ejecutiva de Cudecoop"},"content":{"rendered":"<p>El mi\u00e9rcoles 28 de octubre, en la Casa del Cooperativismo, sede de la Confederaci\u00f3n Uruguaya de Entidades Cooperativas&nbsp; (Cudecoop) se celebr\u00f3 la designaci\u00f3n oficial de la nueva coordinadora ejecutiva de la organizaci\u00f3n: Silvana Avondet.&nbsp;<\/p>\n<p>Con m\u00e1s de 25 a\u00f1os de trabajo en la Confederaci\u00f3n, y tras haber transitado un proceso de selecci\u00f3n que demand\u00f3 m\u00e1s de un a\u00f1o de trabajo en el que participaron e intervinieron todas las autoridades de Cudecoop, se determin\u00f3 que Avondet cumple con el perfil buscado para estar a cargo de orientar y supervisar la implementaci\u00f3n de las pol\u00edticas de la organizaci\u00f3n y el desempe\u00f1o del trabajo de los diferentes equipos.<\/p>\n<p>La confirmaci\u00f3n del cargo se enmarc\u00f3 en una reuni\u00f3n de la que participaron m\u00e1s de 20 personas, entre ellas los cinco integrantes del actual Comit\u00e9 Ejecutivo, trabajadoras y trabajadores de las distintas \u00c1reas de Cudecoop, promotoras y promotores del Programa de Desarrollo Cooperativo Territorial y referentes de los proyectos Incubacoop e Innovhubs.&nbsp;<\/p>\n<p>Con unanimidad en la decisi\u00f3n y manifestando el apoyo para la gesti\u00f3n, los diferentes pol\u00edticos celebraron la confirmaci\u00f3n y destacaron, en todos los casos, la importancia de proyectar hacia el futuro, con solvencia y trabajo en equipo, con unidad y compromiso. Esta decisi\u00f3n propone crear un enlace oficial entre la direcci\u00f3n pol\u00edtica y el equipo t\u00e9cnico.&nbsp;<\/p>\n<p>Silvana expres\u00f3 su compromiso con el rol de coordinaci\u00f3n y enfatiz\u00f3 que el \u00e9xito institucional depende del trabajo articulado de todos los miembros del equipo.&nbsp;<\/p>\n<p><strong>El perfil<\/strong>:&nbsp;<\/p>\n<p>Silvana Avondet, escribana y hasta entonces responsable del \u00c1rea de Desarrollo Cooperativo de Cudecoop, ha desempe\u00f1ado un rol fundamental en la Confederaci\u00f3n, participando en hitos clave como el proceso de creaci\u00f3n de la Ley General de Cooperativas y la creaci\u00f3n del Instituto Nacional del Cooperativismo (Inacoop). Su rol ha sido central para afrontar momentos adversos que han afectado a las cooperativas como la crisis que atraves\u00f3 Uruguay en el a\u00f1o 2002 y la pandemia que marc\u00f3 los a\u00f1os 2020 al 2022 a nivel mundial.<\/p>\n<p>Ha tenido un desempe\u00f1o clave en los 5 Encuentros Nacionales de Cooperativas realizados hasta ahora y una gran labor en la preparaci\u00f3n del 6to que se realizar\u00e1 en noviembre de este a\u00f1o. Tambi\u00e9n ha participado de forma central, teniendo en cuenta la representaci\u00f3n y el trabajo de defensa gremial de Cudecoop, en los procesos de Planificaci\u00f3n Estrat\u00e9gica, trabajo en Propuestas Program\u00e1ticas que se presentan a los candidatos presidenciables previo a las Elecciones Nacionales, actividades internacionales, Cumbres de Cooperativas de las Am\u00e9ricas, Seminarios de Derecho Cooperativo, las actividades que enmarca el Programa de Desarrollo Cooperativo Territorial, supervici\u00f3n del \u00e1rea de formaci\u00f3n y los avances y reconomientos de la actual Comisi\u00f3n de G\u00e9nero de Cudecoop, destacando su rol t\u00e9cnico y docente en cuestiones vinculadas a formaci\u00f3n y liderazgo para mujeres cooperativistas, entre otros.<\/p>\n","protected":false},"excerpt":{"rendered":"<p>El mi\u00e9rcoles 28 de octubre, en la Casa del Cooperativismo, sede de la Confederaci\u00f3n Uruguaya de Entidades Cooperativas&nbsp; (Cudecoop) se celebr\u00f3 la designaci\u00f3n oficial de la nueva coordinadora ejecutiva de la organizaci\u00f3n: Silvana Avondet.&nbsp; Con m\u00e1s de 25 a\u00f1os de trabajo en la Confederaci\u00f3n, y tras haber transitado un proceso de selecci\u00f3n que demand\u00f3 m\u00e1s de un a\u00f1o de trabajo en el que participaron e intervinieron todas las autoridades de Cudecoop, se determin\u00f3 que Avondet cumple con el perfil buscado para estar a cargo de orientar y supervisar la implementaci\u00f3n de las pol\u00edticas de la organizaci\u00f3n y el desempe\u00f1o del [&#8230;]<\/p>\n","protected":false},"author":27,"featured_media":5312,"comment_status":"open","ping_status":"open","sticky":false,"template":"","format":"standard","meta":{"_acf_changed":false,"ngg_post_thumbnail":0,"footnotes":""},"categories":[7,6,1],"tags":[],"class_list":["post-5303","post","type-post","status-publish","format-standard","has-post-thumbnail","hentry","category-cooperativas","category-institucionales","category-noticias"],"acf":[],"_links":{"self":[{"href":"https:\/\/www.cudecoop.coop\/cudecoop\/wp-json\/wp\/v2\/posts\/5303","targetHints":{"allow":["GET"]}}],"collection":[{"href":"https:\/\/www.cudecoop.coop\/cudecoop\/wp-json\/wp\/v2\/posts"}],"about":[{"href":"https:\/\/www.cudecoop.coop\/cudecoop\/wp-json\/wp\/v2\/types\/post"}],"author":[{"embeddable":true,"href":"https:\/\/www.cudecoop.coop\/cudecoop\/wp-json\/wp\/v2\/users\/27"}],"replies":[{"embeddable":true,"href":"https:\/\/www.cudecoop.coop\/cudecoop\/wp-json\/wp\/v2\/comments?post=5303"}],"version-history":[{"count":1,"href":"https:\/\/www.cudecoop.coop\/cudecoop\/wp-json\/wp\/v2\/posts\/5303\/revisions"}],"predecessor-version":[{"id":5305,"href":"https:\/\/www.cudecoop.coop\/cudecoop\/wp-json\/wp\/v2\/posts\/5303\/revisions\/5305"}],"wp:featuredmedia":[{"embeddable":true,"href":"https:\/\/www.cudecoop.coop\/cudecoop\/wp-json\/wp\/v2\/media\/5312"}],"wp:attachment":[{"href":"https:\/\/www.cudecoop.coop\/cudecoop\/wp-json\/wp\/v2\/media?parent=5303"}],"wp:term":[{"taxonomy":"category","embeddable":true,"href":"https:\/\/www.cudecoop.coop\/cudecoop\/wp-json\/wp\/v2\/categories?post=5303"},{"taxonomy":"post_tag","embeddable":true,"href":"https:\/\/www.cudecoop.coop\/cudecoop\/wp-json\/wp\/v2\/tags?post=5303"}],"curies":[{"name":"wp","href":"https:\/\/api.w.org\/{rel}","templated":true}]}}