{"id":5282,"date":"2025-10-15T18:00:10","date_gmt":"2025-10-15T21:00:10","guid":{"rendered":"https:\/\/www.cudecoop.coop\/cudecoop\/?p=5282"},"modified":"2025-10-15T18:00:10","modified_gmt":"2025-10-15T21:00:10","slug":"15-de-octubre-dia-internacional-de-la-mujer-rural","status":"publish","type":"post","link":"https:\/\/www.cudecoop.coop\/cudecoop\/15-de-octubre-dia-internacional-de-la-mujer-rural\/","title":{"rendered":"15 de octubre &#8211; D\u00eda Internacional de la Mujer Rural"},"content":{"rendered":"<p>Desde la Confederaci\u00f3n Uruguaya de Entidades Cooperativas (Cudecoop) expresamos nuestro profundo reconocimiento a las mujeres rurales, cuyo esfuerzo cotidiano, muchas veces silencioso y enfrentando condiciones adversas, sostiene la vida de sus comunidades y fortalece al cooperativismo en todo el pa\u00eds.<br \/>\nSu capacidad para transformar la realidad desde el trabajo, la organizaci\u00f3n y la solidaridad las convierte en un pilar insustituible del desarrollo rural. Con su compromiso, liderazgo y participaci\u00f3n activa, contribuyen no solo a la gesti\u00f3n y toma de decisiones en las cooperativas, sino tambi\u00e9n al tejido social que mantiene unidas a las familias y comunidades.<br \/>\nHoy reafirmamos el valor de su aporte y la necesidad de continuar generando espacios donde sus voces sean escuchadas y su protagonismo plenamente reconocido.<\/p>\n","protected":false},"excerpt":{"rendered":"<p>Desde la Confederaci\u00f3n Uruguaya de Entidades Cooperativas (Cudecoop) expresamos nuestro profundo reconocimiento a las mujeres rurales, cuyo esfuerzo cotidiano, muchas veces silencioso y enfrentando condiciones adversas, sostiene la vida de sus comunidades y fortalece al cooperativismo en todo el pa\u00eds.<br \/> Su capacidad para transformar la realidad desde el trabajo, la organizaci\u00f3n y la solidaridad las convierte en un pilar insustituible del desarrollo rural. Con su compromiso, liderazgo y participaci\u00f3n activa, contribuyen no solo a la gesti\u00f3n y toma de decisiones en las cooperativas, sino tambi\u00e9n al tejido social que mantiene unidas a las familias y comunidades.<br \/> Hoy reafirmamos [&#8230;]<\/p>\n","protected":false},"author":27,"featured_media":5283,"comment_status":"open","ping_status":"open","sticky":false,"template":"","format":"standard","meta":{"_acf_changed":false,"ngg_post_thumbnail":0,"footnotes":""},"categories":[7,6,1],"tags":[],"class_list":["post-5282","post","type-post","status-publish","format-standard","has-post-thumbnail","hentry","category-cooperativas","category-institucionales","category-noticias"],"acf":[],"_links":{"self":[{"href":"https:\/\/www.cudecoop.coop\/cudecoop\/wp-json\/wp\/v2\/posts\/5282","targetHints":{"allow":["GET"]}}],"collection":[{"href":"https:\/\/www.cudecoop.coop\/cudecoop\/wp-json\/wp\/v2\/posts"}],"about":[{"href":"https:\/\/www.cudecoop.coop\/cudecoop\/wp-json\/wp\/v2\/types\/post"}],"author":[{"embeddable":true,"href":"https:\/\/www.cudecoop.coop\/cudecoop\/wp-json\/wp\/v2\/users\/27"}],"replies":[{"embeddable":true,"href":"https:\/\/www.cudecoop.coop\/cudecoop\/wp-json\/wp\/v2\/comments?post=5282"}],"version-history":[{"count":1,"href":"https:\/\/www.cudecoop.coop\/cudecoop\/wp-json\/wp\/v2\/posts\/5282\/revisions"}],"predecessor-version":[{"id":5284,"href":"https:\/\/www.cudecoop.coop\/cudecoop\/wp-json\/wp\/v2\/posts\/5282\/revisions\/5284"}],"wp:featuredmedia":[{"embeddable":true,"href":"https:\/\/www.cudecoop.coop\/cudecoop\/wp-json\/wp\/v2\/media\/5283"}],"wp:attachment":[{"href":"https:\/\/www.cudecoop.coop\/cudecoop\/wp-json\/wp\/v2\/media?parent=5282"}],"wp:term":[{"taxonomy":"category","embeddable":true,"href":"https:\/\/www.cudecoop.coop\/cudecoop\/wp-json\/wp\/v2\/categories?post=5282"},{"taxonomy":"post_tag","embeddable":true,"href":"https:\/\/www.cudecoop.coop\/cudecoop\/wp-json\/wp\/v2\/tags?post=5282"}],"curies":[{"name":"wp","href":"https:\/\/api.w.org\/{rel}","templated":true}]}}