{"id":5278,"date":"2025-10-11T09:45:33","date_gmt":"2025-10-11T12:45:33","guid":{"rendered":"https:\/\/www.cudecoop.coop\/cudecoop\/?p=5278"},"modified":"2025-11-24T17:08:59","modified_gmt":"2025-11-24T20:08:59","slug":"ciclo-de-talleres-en-todo-el-pais-gestion-de-conflictos-y-herramientas-para-facilitar-el-dialogo","status":"publish","type":"post","link":"https:\/\/www.cudecoop.coop\/cudecoop\/ciclo-de-talleres-en-todo-el-pais-gestion-de-conflictos-y-herramientas-para-facilitar-el-dialogo\/","title":{"rendered":"\u00a1Ciclo de talleres en todo el pa\u00eds! Gesti\u00f3n de conflictos y herramientas para facilitar el di\u00e1logo"},"content":{"rendered":"<p>Los talleres de Negociaci\u00f3n, Mediaci\u00f3n e Incidencia, se proponen como espacios formativos y vivenciales orientados a fortalecer las capacidades colectivas de las cooperativas en la gesti\u00f3n de sus v\u00ednculos internos y externos.<\/p>\n<p>En el marco de los principios del cooperativismo \u2014ayuda mutua, responsabilidad, democracia, igualdad, equidad y solidaridad\u2014, estos procesos buscan favorecer el di\u00e1logo, la resoluci\u00f3n colaborativa de conflictos y la toma de decisiones participativas.<\/p>\n<p>Con la articulaci\u00f3n de Promotoras y Promotores del Programa de Desarrollo Cooperativo Territorial, durante octubre, noviembre y diciembre, se realizar\u00e1n encuentros presenciales en los diferentes Departamentos.&nbsp;<\/p>\n<p>\u00a1Conoc\u00e9 la agenda de talleres! Los formularios de inscripci\u00f3n estar\u00e1n disponibles pr\u00f3ximamente.<\/p>\n<p><span class=\"x19la9d6 x1fc57z9 x6ikm8r x10wlt62 x19co3pv x1g5zs5t xfibh0p xiy17q3 x1xsqp64 x1lkfr7t xexx8yu xyri2b x18d9i69 x1c1uobl\"><span class=\"xrtxmta x1bhl96m\">\ud83d\uddd3\ufe0f<\/span><\/span>14 de octubre <span class=\"x19la9d6 x1fc57z9 x6ikm8r x10wlt62 x19co3pv x1g5zs5t xfibh0p xiy17q3 x1xsqp64 x1lkfr7t xexx8yu xyri2b x18d9i69 x1c1uobl\"><span class=\"xrtxmta x1bhl96m\">\ud83d\udccd<\/span><\/span>Cerro Largo<span class=\"x19la9d6 x1fc57z9 x6ikm8r x10wlt62 x19co3pv x1g5zs5t xfibh0p xiy17q3 x1xsqp64 x1lkfr7t xexx8yu xyri2b x18d9i69 x1c1uobl\"><span class=\"xrtxmta x1bhl96m\">\u270d\ud83c\udffd Inscripciones <a href=\"https:\/\/forms.gle\/rdV3uzNtnxbgMN7r5\">aqu\u00ed<\/a><\/span><\/span><\/p>\n<p><span class=\"x19la9d6 x1fc57z9 x6ikm8r x10wlt62 x19co3pv x1g5zs5t xfibh0p xiy17q3 x1xsqp64 x1lkfr7t xexx8yu xyri2b x18d9i69 x1c1uobl\"><span class=\"xrtxmta x1bhl96m\">\ud83d\uddd3\ufe0f21 de octubre \ud83d\udccdSalto \u270d\ud83c\udffd Inscripciones <a href=\"https:\/\/forms.gle\/wzm4xykcXREk7rkW6\">aqu\u00ed<\/a><\/span><\/span><\/p>\n<p><span class=\"x19la9d6 x1fc57z9 x6ikm8r x10wlt62 x19co3pv x1g5zs5t xfibh0p xiy17q3 x1xsqp64 x1lkfr7t xexx8yu xyri2b x18d9i69 x1c1uobl\"><span class=\"xrtxmta x1bhl96m\">\ud83d\uddd3\ufe0f22 de octubre \ud83d\udccdPaysand\u00fa\u270d\ud83c\udffd Inscripciones <a href=\"https:\/\/forms.gle\/nUxU1dsz1QigxhhA9\">aqu\u00ed<\/a><\/span><\/span><\/p>\n<p><span class=\"x19la9d6 x1fc57z9 x6ikm8r x10wlt62 x19co3pv x1g5zs5t xfibh0p xiy17q3 x1xsqp64 x1lkfr7t xexx8yu xyri2b x18d9i69 x1c1uobl\"><span class=\"xrtxmta x1bhl96m\">\ud83d\uddd3\ufe0f30 de octubre \ud83d\udccdCiudad de Maldonado \u270d\ud83c\udffd Inscripciones <a href=\"https:\/\/forms.gle\/FgeXDwnvUg1CHAAd6\">aqu\u00ed<\/a><\/span><\/span><\/p>\n<p><span class=\"x19la9d6 x1fc57z9 x6ikm8r x10wlt62 x19co3pv x1g5zs5t xfibh0p xiy17q3 x1xsqp64 x1lkfr7t xexx8yu xyri2b x18d9i69 x1c1uobl\"><span class=\"xrtxmta x1bhl96m\">\ud83d\uddd3\ufe0f10 de noviembre \ud83d\udccdTreinta y Tres\u270d\ud83c\udffd Inscripciones <a href=\"https:\/\/forms.gle\/UM1ex6jce4q4Rco57\">aqu\u00ed<\/a><\/span><\/span><\/p>\n<p><span class=\"x19la9d6 x1fc57z9 x6ikm8r x10wlt62 x19co3pv x1g5zs5t xfibh0p xiy17q3 x1xsqp64 x1lkfr7t xexx8yu xyri2b x18d9i69 x1c1uobl\"><span class=\"xrtxmta x1bhl96m\">\ud83d\uddd3\ufe0f17 de noviembre\ud83d\udccd R\u00edo Negro \u270d\ud83c\udffd Inscripciones <a href=\"https:\/\/forms.gle\/be9LiXRZ5e9Kxb178\">aqu\u00ed<\/a><\/span><\/span><\/p>\n<p><span class=\"x19la9d6 x1fc57z9 x6ikm8r x10wlt62 x19co3pv x1g5zs5t xfibh0p xiy17q3 x1xsqp64 x1lkfr7t xexx8yu xyri2b x18d9i69 x1c1uobl\"><span class=\"xrtxmta x1bhl96m\">\ud83d\uddd3\ufe0f20 de noviembre\ud83d\udccd- Soriano \u270d\ud83c\udffd Inscripciones <a href=\"https:\/\/forms.gle\/dAhaQsZjwYhKPhvKA\">aqu\u00ed<\/a><\/span><\/span><\/p>\n<p data-start=\"140\" data-end=\"861\">\ud83d\uddd3\ufe0f2 de diciembre\ud83d\udccdFlorida \u270d\ud83c\udffd Inscripciones&nbsp;<a href=\"https:\/\/forms.gle\/87LKxVsnxL79ispM9\">aqu\u00ed<\/a><\/p>\n<p data-start=\"140\" data-end=\"861\">\ud83d\uddd3\ufe0f3 de diciembre\ud83d\udccdSan Jacinto &#8211; Canelones \u270d\ud83c\udffd Inscripciones <a href=\"https:\/\/forms.gle\/bphyFno2vpDu3R7D8\">aqu\u00ed<\/a><\/p>\n<p data-start=\"140\" data-end=\"861\">\ud83d\uddd3\ufe0f4 de diciembre\ud83d\udccdCiudad de la Costa &#8211; Canelones \u270d\ud83c\udffd Inscripciones <a href=\"https:\/\/forms.gle\/N6Xk4L37nbTnSi7A6\">aqu\u00ed<\/a><\/p>\n<p data-start=\"140\" data-end=\"861\">\ud83d\uddd3\ufe0f8 de diciembre\ud83d\udccdJuan Lacaze &#8211; Colonia \u270d\ud83c\udffd Inscripciones&nbsp; <a href=\"https:\/\/forms.gle\/k92JTN2713JoZpQC8\">aqu\u00ed<\/a><\/p>\n<p data-start=\"140\" data-end=\"861\">\ud83d\uddd3\ufe0f11 de diciembre\ud83d\udccdSan Jos\u00e9&nbsp;<\/p>\n<p data-start=\"140\" data-end=\"861\">\ud83d\uddd3\ufe0f18 de diciembre\ud83d\udccdTacuaremb\u00f3 \u270d\ud83c\udffd Inscripciones <a href=\"https:\/\/forms.gle\/qe25rpckwL9A7cbh6\">aqu\u00ed<\/a><\/p>\n<p data-start=\"140\" data-end=\"861\">\ud83d\uddd3\ufe0f19 de diciembre\ud83d\udccdPaso de los Toros &#8211; Tacuaremb\u00f3&nbsp;<\/p>\n","protected":false},"excerpt":{"rendered":"<p>Los talleres de Negociaci\u00f3n, Mediaci\u00f3n e Incidencia, se proponen como espacios formativos y vivenciales orientados a fortalecer las capacidades colectivas de las cooperativas en la gesti\u00f3n de sus v\u00ednculos internos y externos. En el marco de los principios del cooperativismo \u2014ayuda mutua, responsabilidad, democracia, igualdad, equidad y solidaridad\u2014, estos procesos buscan favorecer el di\u00e1logo, la resoluci\u00f3n colaborativa de conflictos y la toma de decisiones participativas. Con la articulaci\u00f3n de Promotoras y Promotores del Programa de Desarrollo Cooperativo Territorial, durante octubre, noviembre y diciembre, se realizar\u00e1n encuentros presenciales en los diferentes Departamentos.&nbsp; \u00a1Conoc\u00e9 la agenda de talleres! Los formularios de inscripci\u00f3n [&#8230;]<\/p>\n","protected":false},"author":27,"featured_media":5290,"comment_status":"open","ping_status":"open","sticky":false,"template":"","format":"standard","meta":{"_acf_changed":false,"ngg_post_thumbnail":0,"footnotes":""},"categories":[7,6,1],"tags":[],"class_list":["post-5278","post","type-post","status-publish","format-standard","has-post-thumbnail","hentry","category-cooperativas","category-institucionales","category-noticias"],"acf":[],"_links":{"self":[{"href":"https:\/\/www.cudecoop.coop\/cudecoop\/wp-json\/wp\/v2\/posts\/5278","targetHints":{"allow":["GET"]}}],"collection":[{"href":"https:\/\/www.cudecoop.coop\/cudecoop\/wp-json\/wp\/v2\/posts"}],"about":[{"href":"https:\/\/www.cudecoop.coop\/cudecoop\/wp-json\/wp\/v2\/types\/post"}],"author":[{"embeddable":true,"href":"https:\/\/www.cudecoop.coop\/cudecoop\/wp-json\/wp\/v2\/users\/27"}],"replies":[{"embeddable":true,"href":"https:\/\/www.cudecoop.coop\/cudecoop\/wp-json\/wp\/v2\/comments?post=5278"}],"version-history":[{"count":12,"href":"https:\/\/www.cudecoop.coop\/cudecoop\/wp-json\/wp\/v2\/posts\/5278\/revisions"}],"predecessor-version":[{"id":5331,"href":"https:\/\/www.cudecoop.coop\/cudecoop\/wp-json\/wp\/v2\/posts\/5278\/revisions\/5331"}],"wp:featuredmedia":[{"embeddable":true,"href":"https:\/\/www.cudecoop.coop\/cudecoop\/wp-json\/wp\/v2\/media\/5290"}],"wp:attachment":[{"href":"https:\/\/www.cudecoop.coop\/cudecoop\/wp-json\/wp\/v2\/media?parent=5278"}],"wp:term":[{"taxonomy":"category","embeddable":true,"href":"https:\/\/www.cudecoop.coop\/cudecoop\/wp-json\/wp\/v2\/categories?post=5278"},{"taxonomy":"post_tag","embeddable":true,"href":"https:\/\/www.cudecoop.coop\/cudecoop\/wp-json\/wp\/v2\/tags?post=5278"}],"curies":[{"name":"wp","href":"https:\/\/api.w.org\/{rel}","templated":true}]}}