{"id":5273,"date":"2025-10-03T19:41:22","date_gmt":"2025-10-03T22:41:22","guid":{"rendered":"https:\/\/www.cudecoop.coop\/cudecoop\/?p=5273"},"modified":"2025-10-03T19:41:22","modified_gmt":"2025-10-03T22:41:22","slug":"presentacion-de-investigaciones-en-el-marco-del-procoop","status":"publish","type":"post","link":"https:\/\/www.cudecoop.coop\/cudecoop\/presentacion-de-investigaciones-en-el-marco-del-procoop\/","title":{"rendered":"Presentaci\u00f3n de investigaciones en el marco del Procoop"},"content":{"rendered":"<p>En la sede de Inacoop en el coraz\u00f3n de Ciudad Vieja este mi\u00e9rcoles 1 de octubre se desarroll\u00f3 la presentaci\u00f3n de dos investigaciones realizadas en el marco del Programa de Formaci\u00f3n Cooperativa (Procoop), iniciativa que busca fortalecer al movimiento cooperativo uruguayo a trav\u00e9s de la formaci\u00f3n y la producci\u00f3n de conocimiento aplicado.<\/p>\n<p>La jornada puso en el centro de la agenda dos temas estrat\u00e9gicos para el movimiento: el impacto del cambio clim\u00e1tico en la producci\u00f3n agropecuaria familiar con enfoque de g\u00e9nero y la transformaci\u00f3n digital como motor de innovaci\u00f3n en las cooperativas de trabajo.<\/p>\n<h3>Una apertura de compromiso<\/h3>\n<p>El presidente de Cudecoop, <strong>Hugo Monta\u00f1o<\/strong>, abri\u00f3 la ronda de autoridades haciendo hincapi\u00e9 en la necesidad de actualizarse frente a los cambios estructurales:<br \/>\n<em>\u201cLa realidad cambia, el clima cambia, la tecnolog\u00eda cambia, y las cooperativas no pueden quedarse atr\u00e1s. Tenemos que estar preparados, y para eso la formaci\u00f3n y la investigaci\u00f3n son pilares fundamentales. Si no incorporamos estos temas a nuestra agenda, corremos el riesgo de quedar rezagados\u201d<\/em>.<\/p>\n<p><strong>Gustavo Cardozo,&nbsp;<\/strong>representante de las empresas de la econom\u00eda social (cooperativas) en Inefop, reafirm\u00f3 el compromiso del instituto con el programa: <em>\u201cProcoop es un ejemplo de c\u00f3mo la formaci\u00f3n no queda encerrada en el aula, sino que se traduce en proyectos, estudios y propuestas que impactan directamente en los sectores productivos. Nuestra apuesta es que la capacitaci\u00f3n est\u00e9 vinculada a la transformaci\u00f3n real de los sectores\u201d<\/em>.<\/p>\n<p>Cardozo tambi\u00e9n destac\u00f3 la l\u00f3gica de red que caracteriza al cooperativismo:<br \/>\n<em>\u201cEste programa es posible porque se combinan visiones y esfuerzos: Inacoop, Cudecoop, Inefopy tantas organizaciones que se suman. Ese es el camino que debemos profundizar\u201d<\/em>.<\/p>\n<p>El director alterno de Inacoop, Luis Ignacio Arboleya, en representaci\u00f3n de la instituci\u00f3n, cerr\u00f3 la apertura destacando la relevancia de la investigaci\u00f3n aplicada:<br \/>\n<em>\u201cDesde Inacoop asumimos que el conocimiento es una herramienta fundamental para la transformaci\u00f3n. Estas investigaciones no son diagn\u00f3sticos abstractos: son insumos que permiten orientar pol\u00edticas y decisiones del propio movimiento. Nuestro compromiso es seguir apoyando la generaci\u00f3n de saberes que fortalezcan a las cooperativas\u201d<\/em>.<\/p>\n<p>Tambi\u00e9n subray\u00f3 la importancia de la articulaci\u00f3n institucional:<br \/>\n<em>\u201cAqu\u00ed se ve el esfuerzo conjunto de instituciones p\u00fablicas, del movimiento cooperativo y de equipos t\u00e9cnicos que ponen su capacidad al servicio de un objetivo com\u00fan: construir un cooperativismo m\u00e1s fuerte, m\u00e1s preparado y con m\u00e1s futuro\u201d<\/em>.<\/p>\n<h2><strong>El cambio clim\u00e1tico y las mujeres rurales<\/strong><\/h2>\n<p>La primera investigaci\u00f3n fue presentada por <strong>Andrea Politi<\/strong> y <strong>Patricia Rodr\u00edguez<\/strong>, en el marco de un trabajo conjunto entre el Centro Cooperativista Uruguayo (CCU) y la Comisi\u00f3n Nacional de Fomento Rural (CNFR) bajo el t\u00edtulo: &nbsp;<a href=\"https:\/\/356d7917-e379-4eea-87fe-594317049d88.usrfiles.com\/ugd\/356d79_b37b184acb0e465fba53e850493c9a9d.pdf\"><strong>El impacto del cambio clim\u00e1tico en las mujeres de la producci\u00f3n agropecuaria familiar vinculadas<\/strong> <strong>al sistema de fomento rural del Uruguay<\/strong><\/a><\/p>\n<p>Politi comenz\u00f3 explicando el alcance del estudio: <em>\u201cNos propusimos analizar c\u00f3mo el cambio clim\u00e1tico impacta en la vida de las mujeres rurales, no solo desde el punto de vista productivo, sino tambi\u00e9n en su rol de cuidadoras y sost\u00e9n de las familias. Las sequ\u00edas, las inundaciones y la variabilidad clim\u00e1tica afectan directamente su trabajo, su salud y sus posibilidades de desarrollo\u201d<\/em>.<\/p>\n<p>La investigadora insisti\u00f3 en la <strong>doble vulnerabilidad<\/strong> de las mujeres rurales:<br \/>\n<em>\u201cLas mujeres no solo producen, tambi\u00e9n cuidan. Y cuando se intensifica la crisis clim\u00e1tica, esa doble carga se multiplica: m\u00e1s horas de trabajo, m\u00e1s incertidumbre y menos acceso a recursos y a decisiones. Es imprescindible que las pol\u00edticas p\u00fablicas contemplen esta realidad y reconozcan el aporte espec\u00edfico de las mujeres al sistema de fomento rural\u201d<\/em>.<\/p>\n<p>Por su parte, Patricia Rodr\u00edguez puso el foco en las consecuencias sociales:<br \/>\n<em>\u201cEl cambio clim\u00e1tico no se mide \u00fanicamente en p\u00e9rdidas de cultivos. Tambi\u00e9n se traduce en migraci\u00f3n forzada, en sobrecarga de trabajo dom\u00e9stico, en estr\u00e9s y en desigualdad. Lo que hicimos fue sistematizar testimonios y experiencias que muestran que las mujeres son las primeras en sentir los impactos tambi\u00e9n en lo f\u00edsico y lo emocional y, sin embargo, muchas veces las \u00faltimas en ser escuchadas\u201d<\/em>.<\/p>\n<p>El informe recoge casos en distintas regiones del pa\u00eds, con datos y evidencias que permiten comprender c\u00f3mo los fen\u00f3menos clim\u00e1ticos extremos profundizan las brechas de g\u00e9nero en el campo. Rodr\u00edguez agreg\u00f3:<br \/>\n<em>\u201cNuestra investigaci\u00f3n busca visibilizar estas situaciones y ofrecer una base de datos que sirva para dise\u00f1ar pol\u00edticas de adaptaci\u00f3n con perspectiva de g\u00e9nero\u201d<\/em><\/p>\n<h2><strong>La transformaci\u00f3n digital en clave cooperativa<\/strong><\/h2>\n<p>La segunda investigaci\u00f3n fue presentada por <strong>Natalia Macri<\/strong> de Oportuna Consultor\u00eda. Su trabajo realizado junto a las investigadoras <strong>Vanesa Lychenheim y Cecilia Cervi\u00f1o <\/strong>abord\u00f3 la <a href=\"https:\/\/356d7917-e379-4eea-87fe-594317049d88.usrfiles.com\/ugd\/356d79_b37b184acb0e465fba53e850493c9a9d.pdf\"><strong>Transformaci\u00f3n digital para la innovaci\u00f3n en cooperativas de trabajo<\/strong><\/a>, destacando tanto sus oportunidades como sus desaf\u00edos.<\/p>\n<p>Macri abri\u00f3 la exposici\u00f3n con un mensaje central:<br \/>\n<em>\u201cLa transformaci\u00f3n digital no es un fin en s\u00ed mismo. Es un medio para innovar, para mejorar procesos, para abrir nuevas oportunidades de sostenibilidad. No se trata de adaptarse por moda, sino de pensar c\u00f3mo la tecnolog\u00eda puede servir a los objetivos cooperativos\u201d<\/em>.<\/p>\n<p>En el desarrollo de la exposici\u00f3n subray\u00f3 la importancia de <strong>una apropiaci\u00f3n participativa: <\/strong><em>\u201cCuando hablamos de digitalizaci\u00f3n no hablamos solo de computadoras o software. Hablamos de cultura. Innovar es incorporar nuevas pr\u00e1cticas, nuevas formas de organizarse y de comunicarse. Para que funcione, los socios y socias deben sentirse parte del proceso, de lo contrario, la tecnolog\u00eda se convierte en un obst\u00e1culo y no en una soluci\u00f3n\u201d<\/em>.<\/p>\n<p>Macri complement\u00f3 el an\u00e1lisis con la dimensi\u00f3n pol\u00edtica de la innovaci\u00f3n:<br \/>\n<em>\u201cLa digitalizaci\u00f3n tambi\u00e9n puede fortalecer la democracia cooperativa. Un buen sistema digital permite mayor transparencia, acceso a informaci\u00f3n en tiempo real y participaci\u00f3n m\u00e1s amplia de los socios en la gesti\u00f3n. Eso es clave para renovar la confianza interna y para atraer a las nuevas generaciones\u201d<\/em>.<\/p>\n<p>El estudio de Oportuna Consultor\u00eda incluy\u00f3 diagn\u00f3sticos sobre las necesidades tecnol\u00f3gicas de distintas cooperativas, as\u00ed como recomendaciones estrat\u00e9gicas para implementar procesos de digitalizaci\u00f3n accesibles, graduales y coherentes con los valores cooperativos.<\/p>\n<h2><strong>Voces que enriquecen el debate<\/strong><\/h2>\n<p>En la ronda de comentarios, consultas y reflexiones del p\u00fablico presente se destacaron nuevas perspectivas que reforzaron los aportes de las investigaciones.<\/p>\n<p>Desde el \u00e1mbito de las cooperativas de trabajo, otro participante plante\u00f3:<br \/>\n<em>\u201cPara muchas cooperativas, dar el salto tecnol\u00f3gico significa enfrentar resistencias y dificultades econ\u00f3micas. Pero si logramos hacerlo acompa\u00f1ados, con capacitaci\u00f3n y apoyo, la digitalizaci\u00f3n puede convertirse en una herramienta de igualdad y no de exclusi\u00f3n\u201d<\/em>.<\/p>\n<p>El evento concluy\u00f3 con un fuerte aplauso, en reconocimiento al valor de las investigaciones y al esfuerzo de articulaci\u00f3n entre instituciones p\u00fablicas, consultor\u00edas y organizaciones del movimiento.<\/p>\n<p>Gustavo Cardozo resumi\u00f3 en sus palabras finales el sentido de la jornada: <em>\u201cHoy dimos un paso m\u00e1s en un camino que tenemos que sostener: el de producir conocimiento desde y para el movimiento cooperativo. Que estas investigaciones circulen, se discutan y orienten la acci\u00f3n. Ese es el mejor resultado que podemos esperar\u201d<\/em>.<\/p>\n<p>Las publicaciones de las investigaciones est\u00e1n disponibles en forma completa <a href=\"https:\/\/www.inacoop.org.uy\/investigaciones\">aqu\u00ed<\/a>.<\/p>\n","protected":false},"excerpt":{"rendered":"<p>En la sede de Inacoop en el coraz\u00f3n de Ciudad Vieja este mi\u00e9rcoles 1 de octubre se desarroll\u00f3 la presentaci\u00f3n de dos investigaciones realizadas en el marco del Programa de Formaci\u00f3n Cooperativa (Procoop), iniciativa que busca fortalecer al movimiento cooperativo uruguayo a trav\u00e9s de la formaci\u00f3n y la producci\u00f3n de conocimiento aplicado. La jornada puso en el centro de la agenda dos temas estrat\u00e9gicos para el movimiento: el impacto del cambio clim\u00e1tico en la producci\u00f3n agropecuaria familiar con enfoque de g\u00e9nero y la transformaci\u00f3n digital como motor de innovaci\u00f3n en las cooperativas de trabajo. Una apertura de compromiso El presidente [&#8230;]<\/p>\n","protected":false},"author":27,"featured_media":5275,"comment_status":"open","ping_status":"open","sticky":false,"template":"","format":"standard","meta":{"_acf_changed":false,"ngg_post_thumbnail":0,"footnotes":""},"categories":[7,6,1],"tags":[],"class_list":["post-5273","post","type-post","status-publish","format-standard","has-post-thumbnail","hentry","category-cooperativas","category-institucionales","category-noticias"],"acf":[],"_links":{"self":[{"href":"https:\/\/www.cudecoop.coop\/cudecoop\/wp-json\/wp\/v2\/posts\/5273","targetHints":{"allow":["GET"]}}],"collection":[{"href":"https:\/\/www.cudecoop.coop\/cudecoop\/wp-json\/wp\/v2\/posts"}],"about":[{"href":"https:\/\/www.cudecoop.coop\/cudecoop\/wp-json\/wp\/v2\/types\/post"}],"author":[{"embeddable":true,"href":"https:\/\/www.cudecoop.coop\/cudecoop\/wp-json\/wp\/v2\/users\/27"}],"replies":[{"embeddable":true,"href":"https:\/\/www.cudecoop.coop\/cudecoop\/wp-json\/wp\/v2\/comments?post=5273"}],"version-history":[{"count":1,"href":"https:\/\/www.cudecoop.coop\/cudecoop\/wp-json\/wp\/v2\/posts\/5273\/revisions"}],"predecessor-version":[{"id":5276,"href":"https:\/\/www.cudecoop.coop\/cudecoop\/wp-json\/wp\/v2\/posts\/5273\/revisions\/5276"}],"wp:featuredmedia":[{"embeddable":true,"href":"https:\/\/www.cudecoop.coop\/cudecoop\/wp-json\/wp\/v2\/media\/5275"}],"wp:attachment":[{"href":"https:\/\/www.cudecoop.coop\/cudecoop\/wp-json\/wp\/v2\/media?parent=5273"}],"wp:term":[{"taxonomy":"category","embeddable":true,"href":"https:\/\/www.cudecoop.coop\/cudecoop\/wp-json\/wp\/v2\/categories?post=5273"},{"taxonomy":"post_tag","embeddable":true,"href":"https:\/\/www.cudecoop.coop\/cudecoop\/wp-json\/wp\/v2\/tags?post=5273"}],"curies":[{"name":"wp","href":"https:\/\/api.w.org\/{rel}","templated":true}]}}