{"id":5268,"date":"2025-10-01T18:25:28","date_gmt":"2025-10-01T21:25:28","guid":{"rendered":"https:\/\/www.cudecoop.coop\/cudecoop\/?p=5268"},"modified":"2025-12-02T15:59:09","modified_gmt":"2025-12-02T18:59:09","slug":"6o-encuentro-nacional-de-cooperativas","status":"publish","type":"post","link":"https:\/\/www.cudecoop.coop\/cudecoop\/6o-encuentro-nacional-de-cooperativas\/","title":{"rendered":"6\u00ba Encuentro Nacional de Cooperativas"},"content":{"rendered":"<p><em>Un mill\u00f3n de personas construyendo un Uruguay m\u00e1s fuerte, solidario y sostenible<\/em><\/p>\n<p>En el marco del <strong>A\u00f1o Internacional de las Cooperativas<\/strong>, declarado por Naciones Unidas, la Confederaci\u00f3n Uruguaya de Entidades Cooperativas (Cudecoop) convoca al <strong>6\u00ba Encuentro Nacional de Cooperativas<\/strong>, que se desarrollar\u00e1 el <strong>jueves 6 y viernes 7 de noviembre de 2025<\/strong> en Montevideo.<\/p>\n<p>Como antesala, el mi\u00e9rcoles 5, de <strong>16 a 18 horas<\/strong>, se celebrar\u00e1 un <strong>Encuentro de Salud<\/strong> en el <strong>Sal\u00f3n Dorado del Centro de Conferencias de la Intendencia de Montevideo<\/strong>, inaugurando las actividades de reflexi\u00f3n y di\u00e1logo.<\/p>\n<h3><strong>Un espacio de encuentro y proyecci\u00f3n<\/strong><\/h3>\n<p>El Encuentro Nacional de Cooperativas es el \u00e1mbito m\u00e1s <strong>amplio, plural y representativo<\/strong> del cooperativismo uruguayo. Desde el a\u00f1o 2001, cada edici\u00f3n ha marcado un <strong>hito en la historia del movimiento<\/strong>, articulando reflexi\u00f3n, acci\u00f3n gremial, intercooperaci\u00f3n y proyecci\u00f3n pol\u00edtica.<\/p>\n<p>En este 2025, el Encuentro cobra una relevancia especial:<\/p>\n<ul>\n<li>El pa\u00eds inicia un <strong>nuevo ciclo pol\u00edtico<\/strong>, que demanda propuestas s\u00f3lidas desde el cooperativismo.<\/li>\n<li>Cudecoop abre un proceso de <strong>planificaci\u00f3n estrat\u00e9gica 2025\u20132027<\/strong>, convocando a todas las ramas del sector.<\/li>\n<li>El mundo enfrenta <strong>desaf\u00edos sociales, econ\u00f3micos y ambientales<\/strong> que exigen respuestas colectivas, innovadoras y sostenibles.<\/li>\n<\/ul>\n<h3><strong style=\"color: #666666; font-size: 1.25rem;\">\u00bfPor qu\u00e9 este 6\u00ba Encuentro?<\/strong><\/h3>\n<p>La cita ser\u00e1 la oportunidad para <strong>renovar el compromiso cooperativo con el pa\u00eds y el planeta<\/strong>, reafirmando al movimiento como <strong>actor estrat\u00e9gico de la econom\u00eda social<\/strong>.<\/p>\n<p>Bajo la consigna <strong>\u201cUn mill\u00f3n de personas construyendo un Uruguay m\u00e1s fuerte, solidario y sostenible\u201d<\/strong> y con el objetivo de fortalecer el posicionamiento del movimiento cooperativo uruguayo como actor estrat\u00e9gico de la econom\u00eda social, a trav\u00e9s del di\u00e1logo interno, la articulaci\u00f3n gremial y la incidencia p\u00fablica, el encuentro girar\u00e1 en torno a <strong>tres ejes<\/strong> de debate y construcci\u00f3n colectiva:<\/p>\n<ul>\n<li><strong>El impacto del cooperativismo en la econom\u00eda y la sociedad uruguaya<\/strong><\/li>\n<li><strong>La identidad cooperativa como base de la acci\u00f3n gremial y pol\u00edtica<\/strong><\/li>\n<li><strong>La innovaci\u00f3n como motor de crecimiento para el cooperativismo<\/strong><\/li>\n<\/ul>\n<h3><strong style=\"color: #666666; font-size: 1.25rem;\">Participaci\u00f3n y convocatoria<\/strong><\/h3>\n<p>El Encuentro est\u00e1 dirigido a la <strong>participaci\u00f3n de todo el cooperativismo nacional<\/strong>. La invitaci\u00f3n se extiende a cooperativas de base, Federaciones, referentes del sector y aliados estrat\u00e9gicos que aportan al desarrollo del pa\u00eds desde la econom\u00eda social.<\/p>\n<p>\ud83d\udc49 <strong>Formulario de inscripci\u00f3n disponible <\/strong><a href=\"https:\/\/forms.gle\/GP3UfHBjYify5ASr9\">aqu\u00ed<\/a><br \/>\n\ud83d\udc49 <strong>M\u00e1s informaci\u00f3n en la web del Encuentro <\/strong><a href=\"https:\/\/cudecoop.coop\/6toencuentro\/\">aqu\u00ed<\/a><br \/>\n\ud83d\udce9 Consultas: encuentronacionalcooperativo@gmail.com o por Whatsapp al 091246327<\/p>\n<p>\u00a1Tu participaci\u00f3n es clave!<\/p>\n<h3><strong>Mantenete en contacto<\/strong><\/h3>\n<p>Segu\u00ed todas las novedades y compart\u00ed tus ideas con el hashtag <strong>#EncuentroCooperativo2025<\/strong><\/p>\n<ul>\n<li><strong>Facebook<\/strong>: Confederaci\u00f3n Uruguaya de Entidades Cooperativas \u2013 Cudecoop<\/li>\n<li><strong>Instagram<\/strong>: <a href=\"https:\/\/instagram.com\/cudecoop\">@cudecoop<\/a><\/li>\n<li><strong>X (Twitter)<\/strong>: <a href=\"https:\/\/x.com\/cudecoop_uy\">@cudecoop_uy<\/a><\/li>\n<li><strong>Web del Encuentro<\/strong>: <a href=\"http:\/\/www.cudecoop.coop\/6toencuentro\">www.cudecoop.coop\/6toencuentro<\/a><\/li>\n<\/ul>\n","protected":false},"excerpt":{"rendered":"<p>Un mill\u00f3n de personas construyendo un Uruguay m\u00e1s fuerte, solidario y sostenible En el marco del A\u00f1o Internacional de las Cooperativas, declarado por Naciones Unidas, la Confederaci\u00f3n Uruguaya de Entidades Cooperativas (Cudecoop) convoca al 6\u00ba Encuentro Nacional de Cooperativas, que se desarrollar\u00e1 el jueves 6 y viernes 7 de noviembre de 2025 en Montevideo. Como antesala, el mi\u00e9rcoles 5, de 16 a 18 horas, se celebrar\u00e1 un Encuentro de Salud en el Sal\u00f3n Dorado del Centro de Conferencias de la Intendencia de Montevideo, inaugurando las actividades de reflexi\u00f3n y di\u00e1logo. Un espacio de encuentro y proyecci\u00f3n El Encuentro Nacional de [&#8230;]<\/p>\n","protected":false},"author":27,"featured_media":5269,"comment_status":"open","ping_status":"open","sticky":false,"template":"","format":"standard","meta":{"_acf_changed":false,"ngg_post_thumbnail":0,"footnotes":""},"categories":[7,6,1],"tags":[],"class_list":["post-5268","post","type-post","status-publish","format-standard","has-post-thumbnail","hentry","category-cooperativas","category-institucionales","category-noticias"],"acf":[],"_links":{"self":[{"href":"https:\/\/www.cudecoop.coop\/cudecoop\/wp-json\/wp\/v2\/posts\/5268","targetHints":{"allow":["GET"]}}],"collection":[{"href":"https:\/\/www.cudecoop.coop\/cudecoop\/wp-json\/wp\/v2\/posts"}],"about":[{"href":"https:\/\/www.cudecoop.coop\/cudecoop\/wp-json\/wp\/v2\/types\/post"}],"author":[{"embeddable":true,"href":"https:\/\/www.cudecoop.coop\/cudecoop\/wp-json\/wp\/v2\/users\/27"}],"replies":[{"embeddable":true,"href":"https:\/\/www.cudecoop.coop\/cudecoop\/wp-json\/wp\/v2\/comments?post=5268"}],"version-history":[{"count":4,"href":"https:\/\/www.cudecoop.coop\/cudecoop\/wp-json\/wp\/v2\/posts\/5268\/revisions"}],"predecessor-version":[{"id":5274,"href":"https:\/\/www.cudecoop.coop\/cudecoop\/wp-json\/wp\/v2\/posts\/5268\/revisions\/5274"}],"wp:featuredmedia":[{"embeddable":true,"href":"https:\/\/www.cudecoop.coop\/cudecoop\/wp-json\/wp\/v2\/media\/5269"}],"wp:attachment":[{"href":"https:\/\/www.cudecoop.coop\/cudecoop\/wp-json\/wp\/v2\/media?parent=5268"}],"wp:term":[{"taxonomy":"category","embeddable":true,"href":"https:\/\/www.cudecoop.coop\/cudecoop\/wp-json\/wp\/v2\/categories?post=5268"},{"taxonomy":"post_tag","embeddable":true,"href":"https:\/\/www.cudecoop.coop\/cudecoop\/wp-json\/wp\/v2\/tags?post=5268"}],"curies":[{"name":"wp","href":"https:\/\/api.w.org\/{rel}","templated":true}]}}