{"id":5263,"date":"2025-09-30T18:59:28","date_gmt":"2025-09-30T21:59:28","guid":{"rendered":"https:\/\/www.cudecoop.coop\/cudecoop\/?p=5263"},"modified":"2025-12-02T15:59:28","modified_gmt":"2025-12-02T18:59:28","slug":"se-realizo-el-seminario-internacional-desafios-para-trascender-construyendo-cooperativas-para-mejorar-la-vida-financiera-de-las-personas","status":"publish","type":"post","link":"https:\/\/www.cudecoop.coop\/cudecoop\/se-realizo-el-seminario-internacional-desafios-para-trascender-construyendo-cooperativas-para-mejorar-la-vida-financiera-de-las-personas\/","title":{"rendered":"Se realiz\u00f3 el Seminario Internacional \u201cDesaf\u00edos para trascender: construyendo cooperativas para mejorar la vida financiera de las personas\u201d"},"content":{"rendered":"<p>La Sala Mario Benedetti de la Torre de las Telecomunicaciones se convirti\u00f3 el jueves 25 de setiembre en un punto de encuentro clave para el cooperativismo de ahorro y cr\u00e9dito. Bajo la consigna <em>\u201cDesaf\u00edos para trascender: construyendo cooperativas para mejorar la vida financiera de las personas\u201d,<\/em> autoridades de gobierno, acad\u00e9micos, referentes internacionales y representantes de diferentes cooperativas en sus roles gerenciales y t\u00e9cnicos compartieron reflexiones sobre el futuro de un sector que, hist\u00f3ricamente, fue pionero en inclusi\u00f3n financiera en Uruguay y la regi\u00f3n.<\/p>\n<p><strong>Una apertura con compromiso institucional <\/strong><\/p>\n<p>La jornada comenz\u00f3 en horas de la ma\u00f1ana con las palabras de las autoridades de las instituciones organizadoras: la Red Cooperativa Financiera Confiar, la C\u00e1mara Uruguaya de Cooperativas de Ahorro y Cr\u00e9dito (Cucacc), la Federaci\u00f3n de Cooperativas de Ahorro y Cr\u00e9dito (Fecoac)\u2014 junto al apoyo de la Confederaci\u00f3n Uruguaya de Entidades Cooperativas (Cudecoop) y el Instituto Nacional de Cooperativismo (Inacoop).<\/p>\n<p>Entre los presentes se encontraban algunas autoridades de gobierno, legisladores e integrantes de las cooperativas en sus diferentes \u00f3rbitas procedentes de varios puntos del pa\u00eds. En un clima de expectativas, se resalt\u00f3 el valor de las cooperativas como herramienta para democratizar las finanzas y acompa\u00f1ar a comunidades enteras en el acceso a servicios de ahorro y cr\u00e9dito. Las intervenciones inaugurales coincidieron en un punto central: la necesidad de reforzar la cooperaci\u00f3n entre entidades y actualizar su rol frente a un mercado financiero en transformaci\u00f3n.<\/p>\n<p>En la apertura, Hugo Monta\u00f1o, presidente de Cudecoop, destac\u00f3 el rol hist\u00f3rico y presente del cooperativismo de ahorro y cr\u00e9dito como un pilar para la inclusi\u00f3n financiera en Uruguay. Subray\u00f3 que el desaf\u00edo actual pasa por \u201ctrascender en un escenario donde la digitalizaci\u00f3n y la competencia exigen nuevas respuestas, pero sin perder la esencia de nuestras ra\u00edces\u201d.<\/p>\n<p>Monta\u00f1o record\u00f3 que el movimiento cooperativo \u201cha estado presente all\u00ed donde el mercado no llegaba, garantizando acceso, cercan\u00eda y confianza a las comunidades\u201d, y llam\u00f3 a reforzar la integraci\u00f3n entre federaciones y cooperativas de base. \u201cLa uni\u00f3n entre nuestras organizaciones no es solo deseable: es la condici\u00f3n para seguir existiendo en un sistema financiero cada vez m\u00e1s concentrado\u201d, afirm\u00f3 que \u201cel movimiento cooperativo no solo ha resistido los embates de las crisis econ\u00f3micas, sino que tambi\u00e9n se ha convertido en un modelo alternativo para pensar las finanzas con rostro humano\u201d.<\/p>\n<p>En una segunda intervenci\u00f3n, el presidente de la Confederaci\u00f3n Uruguaya de Entidades Cooperativas fue m\u00e1s all\u00e1 y plante\u00f3 la necesidad de repensar las estrategias de incidencia p\u00fablica y social. \u201cEl cooperativismo debe hablar con voz clara hacia la sociedad, visibilizando su aporte y mostrando que nuestros valores no son discurso, sino pr\u00e1ctica concreta en cada barrio y en cada familia\u201d, sostuvo.<\/p>\n<p>En tal sentido, Monta\u00f1o subrayando la necesidad de reafirmar los valores cooperativos en di\u00e1logo con el Estado y la sociedad: \u201cTenemos que seguir demostrando que somos parte de la soluci\u00f3n a los problemas de inclusi\u00f3n y equidad, porque las cooperativas no buscan ganancias para unos pocos, sino mejorar la vida de todos\u201d.<\/p>\n<p>Finalmente, cerr\u00f3 con un mensaje de optimismo y responsabilidad colectiva: \u201cEste seminario no es un punto de llegada, es un punto de partida. La trascendencia del sistema cooperativo depender\u00e1 de nuestra capacidad de innovar, de cooperar entre nosotros y de mantener siempre viva nuestra identidad\u201d.<\/p>\n<p>En su intervenci\u00f3n, la presidenta de Inacoop, Graciela Fern\u00e1ndez puso el acento en el valor del cooperativismo de ahorro y cr\u00e9dito como herramienta de democratizaci\u00f3n de las finanzas y sostuvo que el Estado tiene la responsabilidad de acompa\u00f1ar y potenciar estas experiencias. Se\u00f1al\u00f3 que \u201cla inclusi\u00f3n financiera no se logra \u00fanicamente con normativas, sino con instituciones cercanas que entienden las realidades de las personas\u201d.<\/p>\n<p>Fern\u00e1ndez remarc\u00f3 que las cooperativas han sido pioneras en llegar a sectores a los que la banca tradicional nunca consider\u00f3 rentables, y que esa impronta debe reafirmarse frente a los nuevos escenarios tecnol\u00f3gicos y regulatorios. \u201cDefender el rol de las cooperativas en la agenda p\u00fablica es defender la democracia, porque son espacios donde cada socio tiene voz y voto en igualdad de condiciones\u201d, afirm\u00f3.<\/p>\n<p>La presidenta de Inacoop cerr\u00f3 su participaci\u00f3n con un llamado a la unidad del sector y a su visibilizaci\u00f3n: \u201cNecesitamos mostrar con claridad lo que el cooperativismo aporta al pa\u00eds: inclusi\u00f3n, desarrollo y confianza. Esa es nuestra fortaleza y tambi\u00e9n nuestra mejor carta de presentaci\u00f3n hacia la sociedad\u201d.<\/p>\n<p>Finalmente, los presidentes de las instituciones organizadoras del evento, Fredy Rondan &#8211; Confiar -Germ\u00e1n Sergio Gorga &#8211; Cucacc\u2013 y Claudio Pagliarini &#8211; Fecoac- subrayaron la importancia del trabajo intercooperativo y la proyecci\u00f3n hacia el futuro. Destacaron que este tipo de encuentros \u201cpermiten pensar colectivamente c\u00f3mo adaptarnos a un sistema financiero en transformaci\u00f3n, sin perder de vista la esencia del cooperativismo\u201d, destacando la importancia del sistema cooperativo de ahorro y cr\u00e9dito como parte de la pol\u00edtica p\u00fablica de inclusi\u00f3n financiera; \u201cen un pa\u00eds donde a\u00fan existen desaf\u00edos en el acceso a servicios, las cooperativas han demostrado ser un veh\u00edculo confiable y cercano a las comunidades\u201d.<\/p>\n<p><strong>Identidad cooperativa y ra\u00edces del movimiento.<\/strong><\/p>\n<p>El primer expositor fue el Dr. Dante Cracogna, abogado, licenciado en cooperativismo, diplomado en el British Co-operative College de Stanford Hall, Inglaterra, reconocido internacionalmente por su aporte a la identidad cooperativa.<\/p>\n<p>En su alocuci\u00f3n, Cracogna record\u00f3 que estas organizaciones \u201cnacieron para dar respuesta donde el mercado no llegaba\u201d y enfatiz\u00f3 que el desaf\u00edo actual pasa por mantener su esencia mientras se adaptan a nuevos escenarios tecnol\u00f3gicos y regulatorios.<\/p>\n<p>En su presentaci\u00f3n record\u00f3 que la identidad cooperativa no es un concepto abstracto, sino un activo concreto que define la diferencia frente a otros actores del sistema financiero. \u201cLas cooperativas no se miden solo por balances o resultados econ\u00f3micos: se miden por el impacto que generan en las personas y en la comunidad\u201d, se\u00f1al\u00f3.<\/p>\n<p>Advirti\u00f3 que el riesgo de la \u00e9poca es dejarse arrastrar por l\u00f3gicas puramente competitivas, perdiendo el car\u00e1cter solidario y democr\u00e1tico que distingue al movimiento. \u201cLa trascendencia de nuestras organizaciones depender\u00e1 de no renunciar a esos principios, aunque el entorno nos exija cambios\u201d, afirm\u00f3.<\/p>\n<p>El especialista cerr\u00f3 su intervenci\u00f3n con una invitaci\u00f3n a reafirmar la confianza en la identidad cooperativa: \u201cAll\u00ed donde las personas encuentran un espacio de pertenencia y participaci\u00f3n, all\u00ed est\u00e1 la verdadera fortaleza de nuestras instituciones\u201d.<\/p>\n<p><strong>Radiograf\u00eda del sistema de ahorro y cr\u00e9dito <\/strong><\/p>\n<p>La primera mesa tem\u00e1tica, cont\u00f3 con gerentes generales de distintas cooperativas de ahorro y cr\u00e9dito como panelistas, y tuvo como punto de partida la presentaci\u00f3n del especialista Gustavo Pagano, quien ofreci\u00f3 un panorama sobre la situaci\u00f3n del sistema de ahorro y cr\u00e9dito y sus efectos.<\/p>\n<p>En su exposici\u00f3n Pagano se\u00f1al\u00f3 que \u201clas cooperativas de ahorro y cr\u00e9dito cumplen un rol vital para la inclusi\u00f3n, pero enfrentan un contexto de creciente competencia de las fintech y mayores exigencias regulatorias\u201d.<\/p>\n<p>Pagano comparti\u00f3 datos comparativos de los \u00faltimos a\u00f1os, mostrando c\u00f3mo el sistema ha crecido en cobertura territorial y en n\u00famero de socios, aunque con fuertes disparidades entre cooperativas grandes y peque\u00f1as. \u201cEl reto es c\u00f3mo consolidar la solvencia y la sostenibilidad sin perder la cercan\u00eda con las comunidades\u201d, advirti\u00f3.<\/p>\n<p>Tambi\u00e9n subray\u00f3 que el acceso al cr\u00e9dito responsable y la educaci\u00f3n financiera siguen siendo dos de las mayores fortalezas del modelo, aspectos que lo diferencian del sistema bancario tradicional.<\/p>\n<p>Posteriormente, los referentes de Verde, Cintepa, Copac, SACEC y Cooperativa Artigas compartieron experiencias concretas desde el territorio, evidenciando la diversidad de realidades y la necesidad de respuestas innovadoras frente a la competencia de las fintech y las exigencias del mercado.<\/p>\n<p><strong>Experiencias de las cooperativas en el territorio<\/strong><\/p>\n<p>A continuaci\u00f3n, tomaron la palabra los gerentes gerenciales de las cooperativas; Mariana Pereyra -Verde-, Silvia Poses -Cintepa-, Gabriel Gorondona -Copac-, Alejandro L\u00f3pez -SACEC- y Diego Sehara &#8211; Cooperativa Artigas &#8211; para compartir experiencias desde el territorio.<\/p>\n<p>Uno de los representantes enfatiz\u00f3 que \u201cla cooperativa se sostiene en la confianza de la comunidad; cuando esa confianza se debilita, ning\u00fan modelo financiero puede resistir\u201d. Otro puso el acento en la necesidad de innovar en productos y servicios, se\u00f1alando que \u201csi no ofrecemos soluciones digitales, corremos el riesgo de quedarnos atr\u00e1s frente a actores que avanzan con mucha rapidez\u201d.<\/p>\n<p>Los testimonios coincidieron en que el cooperativismo debe mantener su car\u00e1cter inclusivo y solidario, pero tambi\u00e9n dar un salto en profesionalizaci\u00f3n y herramientas tecnol\u00f3gicas.<\/p>\n<p>La mesa cerr\u00f3 con la conclusi\u00f3n de que la diversidad de realidades exige respuestas diferenciadas, pero todas bajo un mismo horizonte: fortalecer la identidad cooperativa y su capacidad de competir en un mercado financiero en transformaci\u00f3n.<\/p>\n<p><strong>Regulaci\u00f3n, tecnolog\u00eda y comunicaci\u00f3n: tres frentes decisivos<\/strong><\/p>\n<p>&nbsp;En la segunda mesa, los focos se distribuyeron en tres ejes estrat\u00e9gicos: Normativa, a cargo de la Crda. Virginia Lavecchia, de la Superintendencia de Servicios Financieros del BCU, quien explic\u00f3 los marcos regulatorios y el impacto de las exigencias prudenciales en las cooperativas. Tecnolog\u00eda y servicios, con la participaci\u00f3n del Cr. Jorge Vargas, de la consultora Mayeutic y Ana Panizza -ACAC-, quienes abordaron la digitalizaci\u00f3n, las billeteras electr\u00f3nicas y los nuevos sistemas de pagos.<\/p>\n<p>La contadora <strong>Virginia Lavecchia<\/strong>, en representaci\u00f3n del BCU abri\u00f3 el debate sobre la dimensi\u00f3n normativa. Explic\u00f3 que el marco regulatorio vigente busca garantizar la estabilidad y la transparencia del sistema, pero reconoci\u00f3 que supone un desaf\u00edo especial para las cooperativas: <em>\u201cLas exigencias prudenciales son necesarias para cuidar la solvencia, pero debemos encontrar formas de que no se transformen en un obst\u00e1culo para el desarrollo de las instituciones de menor escala\u201d<\/em><em>.<\/em><\/p>\n<p>Lavecchia subray\u00f3 que el regulador tiene el deber de equilibrar la prudencia con la inclusi\u00f3n: <em>\u201cUn sistema financiero estable es un bien p\u00fablico, pero tambi\u00e9n lo es la posibilidad de que la poblaci\u00f3n acceda a servicios financieros a trav\u00e9s de cooperativas s\u00f3lidas y confiables\u201d<\/em><em>.<\/em><\/p>\n<p>Destac\u00f3 asimismo la importancia de la capacitaci\u00f3n en gesti\u00f3n de riesgos y cumplimiento normativo: <em>\u201cEl fortalecimiento del sector pasa no solo por adaptarse a los marcos regulatorios, sino tambi\u00e9n por profesionalizar a sus equipos en \u00e1reas clave como gobierno corporativo, transparencia y prevenci\u00f3n de riesgos\u201d<\/em><em>.<\/em><\/p>\n<p>La representante del BCU cerr\u00f3 con un mensaje de apertura al di\u00e1logo:<em> \u201cNuestra intenci\u00f3n es acompa\u00f1ar al sector cooperativo, escucharlo y trabajar juntos en una regulaci\u00f3n que proteja a los socios y al mismo tiempo permita que las cooperativas crezcan y sigan cumpliendo su funci\u00f3n social\u201d.<\/em><\/p>\n<p>Para el componente de comunicaci\u00f3n, intervino la Dra. Graciela Fern\u00e1ndez, presidenta de Inacoop, quien plante\u00f3 la importancia de defender y visibilizar el aporte del sistema cooperativo ante la opini\u00f3n p\u00fablica.<\/p>\n<p><em>El movimiento cooperativo no puede permitirse la invisibilidad. Debemos ocupar un lugar en el debate social y econ\u00f3mico, mostrando con claridad lo que aportamos a la inclusi\u00f3n y al desarrollo\u201d<\/em>, afirm\u00f3.<\/p>\n<p>Fern\u00e1ndez sostuvo que la comunicaci\u00f3n es estrat\u00e9gica no solo para fortalecer la identidad hacia adentro del sistema, sino tambi\u00e9n para ganar legitimidad en la sociedad: <em>\u201cNo alcanza con que lo sepamos nosotros; tenemos que contarle al pa\u00eds lo que hacemos, porque somos parte de la soluci\u00f3n a muchos de sus problemas\u201d<\/em>.<\/p>\n<p>Tambi\u00e9n llam\u00f3 a innovar en los formatos y en el lenguaje, especialmente para llegar a las generaciones m\u00e1s j\u00f3venes. <em>\u201cSi no logramos que la juventud se sienta parte de las cooperativas, corremos el riesgo de que nuestro sistema pierda vigencia. Y para eso necesitamos hablarles en sus propios c\u00f3digos, de manera clara y cercana\u201d<\/em>.<\/p>\n<p>La presidenta de Inacoop cerr\u00f3 con un mensaje categ\u00f3rico: <em>\u201cLa comunicaci\u00f3n no es un gasto, es una inversi\u00f3n en futuro. Si queremos cooperativas fuertes, necesitamos voces fuertes\u201d<\/em>.<\/p>\n<p>La mesa fue moderada por el economista Washington Ribeiro, ex presidente y director del BCU.<\/p>\n<p><strong>&nbsp;Perspectiva internacional: miradas de la regi\u00f3n <\/strong><\/p>\n<p>Por la tarde, la tercera mesa ampli\u00f3 la visi\u00f3n hacia experiencias internacionales. Intervinieron representantes de CGM, Cooperativas de las Am\u00e9ricas, COFIA, as\u00ed como el Ing. Luis Figueroa de COOPEUCH (Chile) y el Lic. Tiago Luiz Schmidt de SICREDI (Brasil). El Lic. Danilo Salerno, director de Cooperativas de las Am\u00e9ricas, destac\u00f3 que \u201cla cooperaci\u00f3n internacional no es solo un recurso, sino un camino para compartir aprendizajes y fortalecer agendas comunes en la regi\u00f3n\u201d.<\/p>\n<p><strong>Al inicio el Lic. Danilo Salerno<\/strong>, director de Cooperativas de las Am\u00e9ricas, comparti\u00f3 un an\u00e1lisis profundo sobre el lugar del cooperativismo en la regi\u00f3n y los desaf\u00edos comunes que enfrenta el movimiento.<\/p>\n<p>Salerno destac\u00f3 que la cooperaci\u00f3n internacional es clave no solo como herramienta de financiamiento, sino sobre todo como estrategia de aprendizaje mutuo: <em>\u201cLa cooperaci\u00f3n internacional no es solo un recurso, es un camino para compartir experiencias, fortalecer agendas comunes y construir respuestas colectivas a problemas que son globales\u201d<\/em><em>.<\/em><\/p>\n<p>En su intervenci\u00f3n subray\u00f3 la importancia de posicionar al cooperativismo como un actor pol\u00edtico y social: <em>\u201cNo podemos limitarnos a ser un actor econ\u00f3mico de nicho. El cooperativismo tiene que estar en el centro de la agenda de desarrollo, porque es un modelo que combina democracia, equidad y eficiencia\u201d<\/em><em>.<\/em><\/p>\n<p>Tambi\u00e9n remarc\u00f3 la necesidad de articularse con los Estados y con los organismos multilaterales: <em>\u201cLa voz del cooperativismo debe estar presente en los espacios de decisi\u00f3n regionales. Si no nos hacemos escuchar, otros tomar\u00e1n decisiones por nosotros\u201d<\/em><em>.<\/em><\/p>\n<p>Salerno cerr\u00f3 con un llamado a la unidad regional: <em>\u201cEl futuro de las cooperativas depende de nuestra capacidad de trabajar juntos. La integraci\u00f3n no es un discurso, es la condici\u00f3n para que el cooperativismo siga siendo una alternativa real y transformadora en Am\u00e9rica Latina\u201d<\/em><em>.<\/em><\/p>\n<p>La moderaci\u00f3n estuvo a cargo del Esc. Danilo Guti\u00e9rrez, con comentarios finales de la Dra. Graciela Fern\u00e1ndez, quien vincul\u00f3 las experiencias regionales con los desaf\u00edos de la agenda nacional reforzando la idea de que el cooperativismo necesita disputar espacio simb\u00f3lico y pol\u00edtico en la sociedad. <em>\u201cSi no defendemos nuestro relato, otros lo van a escribir por nosotros. Y ah\u00ed corremos el riesgo de quedar reducidos a un papel marginal en el sistema financiero\u201d<\/em><em>, <\/em>advirti\u00f3.<\/p>\n<p>Fern\u00e1ndez destac\u00f3 que la identidad del movimiento debe proyectarse con coherencia: <em>\u201cLo que decimos hacia afuera tiene que ser consistente con lo que hacemos hacia adentro. Esa coherencia es la que nos da credibilidad\u201d<\/em><em>.<\/em><\/p>\n<p>Tambi\u00e9n resalt\u00f3 la importancia de tender puentes con los medios de comunicaci\u00f3n y con la academia, para que el aporte del sistema cooperativo quede documentado y reconocido: <em>\u201cNecesitamos m\u00e1s investigaci\u00f3n, m\u00e1s difusi\u00f3n y m\u00e1s presencia en la agenda p\u00fablica. Solo as\u00ed vamos a lograr que el cooperativismo sea percibido como una alternativa real y vigente\u201d<\/em><em>.<\/em><\/p>\n<p>Concluy\u00f3 se\u00f1alando que la comunicaci\u00f3n debe ser concebida como un proceso colectivo:<em> \u201cNo se trata de voceros individuales, se trata de que cada cooperativa y cada federaci\u00f3n asuma que comunicar tambi\u00e9n es parte de su misi\u00f3n\u201d.<\/em><\/p>\n<p><strong>Visi\u00f3n global y cierre de la jornada<\/strong><\/p>\n<p>&nbsp;La \u00faltima mesa tuvo como expositor central al economista Luis Porto, Director Ejecutivo Alterno del BID en representaci\u00f3n de Uruguay. Porto analiz\u00f3 el papel de las cooperativas en la inclusi\u00f3n financiera dentro de los objetivos de la Agenda 2030, resaltando su potencial como aliadas en pol\u00edticas de desarrollo sostenible.<\/p>\n<p>&nbsp;El economista Washington Ribeiro volvi\u00f3 a moderar el espacio, subrayando la necesidad de construir un di\u00e1logo constante entre organismos multilaterales, Estado y cooperativas.<\/p>\n<p><strong>Una conclusi\u00f3n que mira al futuro <\/strong><\/p>\n<p>La jornada cerr\u00f3 cerca de las 18 horas con una sensaci\u00f3n compartida: las cooperativas de ahorro y cr\u00e9dito no solo mantienen vigencia, sino que deben reafirmar su papel como alternativa democr\u00e1tica frente a un sistema financiero que tiende a la concentraci\u00f3n. En un mundo marcado por la digitalizaci\u00f3n, la competencia de nuevos actores y la necesidad de regulaci\u00f3n efectiva, el seminario dej\u00f3 claro que el futuro del sector se construir\u00e1 a partir de la cooperaci\u00f3n, la innovaci\u00f3n y la defensa de su identidad.<\/p>\n<p>En un escenario marcado por la digitalizaci\u00f3n, el surgimiento de nuevas tecnolog\u00edas, la competencia de las fintech y la concentraci\u00f3n del mercado, las cooperativas de ahorro y cr\u00e9dito se presentan como una alternativa s\u00f3lida para democratizar las finanzas y mejorar la vida de las personas.<\/p>\n<p>Este seminario adem\u00e1s de analizar su situaci\u00f3n y abordaje, fue una oportunidad para estrechar lazos de colaboraci\u00f3n entre organizaciones locales e internacionales y proyectar el papel del sector en la Agenda 2030 de desarrollo sostenible.<\/p>\n<p>Desde esta perspectiva el encuentro en Montevideo no fue solo una instancia de reflexi\u00f3n: fue tambi\u00e9n un recordatorio de que, desde hace d\u00e9cadas, las cooperativas han estado all\u00ed donde las finanzas tradicionales no llegaban, y que hoy, con nuevos desaf\u00edos, su misi\u00f3n de mejorar la vida de las personas sigue m\u00e1s vigente que nunca.<\/p>\n<p>&nbsp;<\/p>\n","protected":false},"excerpt":{"rendered":"<p>La Sala Mario Benedetti de la Torre de las Telecomunicaciones se convirti\u00f3 el jueves 25 de setiembre en un punto de encuentro clave para el cooperativismo de ahorro y cr\u00e9dito. Bajo la consigna \u201cDesaf\u00edos para trascender: construyendo cooperativas para mejorar la vida financiera de las personas\u201d, autoridades de gobierno, acad\u00e9micos, referentes internacionales y representantes de diferentes cooperativas en sus roles gerenciales y t\u00e9cnicos compartieron reflexiones sobre el futuro de un sector que, hist\u00f3ricamente, fue pionero en inclusi\u00f3n financiera en Uruguay y la regi\u00f3n. Una apertura con compromiso institucional La jornada comenz\u00f3 en horas de la ma\u00f1ana con las palabras de [&#8230;]<\/p>\n","protected":false},"author":27,"featured_media":5261,"comment_status":"open","ping_status":"open","sticky":false,"template":"","format":"standard","meta":{"_acf_changed":false,"ngg_post_thumbnail":0,"footnotes":""},"categories":[7,6,1],"tags":[],"class_list":["post-5263","post","type-post","status-publish","format-standard","has-post-thumbnail","hentry","category-cooperativas","category-institucionales","category-noticias"],"acf":[],"_links":{"self":[{"href":"https:\/\/www.cudecoop.coop\/cudecoop\/wp-json\/wp\/v2\/posts\/5263","targetHints":{"allow":["GET"]}}],"collection":[{"href":"https:\/\/www.cudecoop.coop\/cudecoop\/wp-json\/wp\/v2\/posts"}],"about":[{"href":"https:\/\/www.cudecoop.coop\/cudecoop\/wp-json\/wp\/v2\/types\/post"}],"author":[{"embeddable":true,"href":"https:\/\/www.cudecoop.coop\/cudecoop\/wp-json\/wp\/v2\/users\/27"}],"replies":[{"embeddable":true,"href":"https:\/\/www.cudecoop.coop\/cudecoop\/wp-json\/wp\/v2\/comments?post=5263"}],"version-history":[{"count":3,"href":"https:\/\/www.cudecoop.coop\/cudecoop\/wp-json\/wp\/v2\/posts\/5263\/revisions"}],"predecessor-version":[{"id":5266,"href":"https:\/\/www.cudecoop.coop\/cudecoop\/wp-json\/wp\/v2\/posts\/5263\/revisions\/5266"}],"wp:featuredmedia":[{"embeddable":true,"href":"https:\/\/www.cudecoop.coop\/cudecoop\/wp-json\/wp\/v2\/media\/5261"}],"wp:attachment":[{"href":"https:\/\/www.cudecoop.coop\/cudecoop\/wp-json\/wp\/v2\/media?parent=5263"}],"wp:term":[{"taxonomy":"category","embeddable":true,"href":"https:\/\/www.cudecoop.coop\/cudecoop\/wp-json\/wp\/v2\/categories?post=5263"},{"taxonomy":"post_tag","embeddable":true,"href":"https:\/\/www.cudecoop.coop\/cudecoop\/wp-json\/wp\/v2\/tags?post=5263"}],"curies":[{"name":"wp","href":"https:\/\/api.w.org\/{rel}","templated":true}]}}