{"id":5257,"date":"2025-09-23T18:08:01","date_gmt":"2025-09-23T21:08:01","guid":{"rendered":"https:\/\/www.cudecoop.coop\/cudecoop\/?p=5257"},"modified":"2025-12-02T15:59:47","modified_gmt":"2025-12-02T18:59:47","slug":"fecovi-renovo-y-firmo-nuevos-convenios","status":"publish","type":"post","link":"https:\/\/www.cudecoop.coop\/cudecoop\/fecovi-renovo-y-firmo-nuevos-convenios\/","title":{"rendered":"Fecovi renov\u00f3 y firm\u00f3 nuevos convenios"},"content":{"rendered":"<p>El lunes 22 de setiembre, la Federaci\u00f3n de Cooperativas de Vivienda de Usuarios por Ahorro Previo del Uruguay (Fecovi) firm\u00f3 la renovaci\u00f3n y nuevos convenios con organizaciones sociales, cooperativas e instituciones educativas, deportivas y culturales. Entre ellas se destac\u00f3 la firma junto a la Federaci\u00f3n de Cooperativas de Producci\u00f3n del Uruguay (FCPU); ambas socias de la Confederaci\u00f3n Uruguaya de Entidades Cooperativas (Cudecoop), desde donde acompa\u00f1amos la instancia, reafirmando el compromiso con el fortalecimiento de la intercooperaci\u00f3n.<\/p>\n<p>El acto se realiz\u00f3 en la sede de Fecovi, en la calle Canelones en el Centro de Montevideo, y cont\u00f3 con la presencia de autoridades institucionales y representantes de las organizaciones firmantes. Fue un momento de encuentro y compromiso, con el objetivo de <strong>seguir tejiendo redes de cooperaci\u00f3n en \u00e1reas clave para el desarrollo del movimiento cooperativo<\/strong><strong>.<\/strong><\/p>\n<p>En la apertura, la presidenta de Fecovi, <strong>Mariana Galv\u00e1n<\/strong>, dio la bienvenida a las delegaciones. Luego, el presidente de Cudecoop, <strong>Hugo Monta\u00f1o<\/strong>, celebr\u00f3 la firma de estos convenios, subrayando que \u201clas alianzas intercooperativas permiten compartir conocimientos, generar m\u00e1s empleo en el sector y potenciar el impacto social y econ\u00f3mico del cooperativismo\u201d.<\/p>\n<p>Monta\u00f1o destac\u00f3 adem\u00e1s que el desaf\u00edo permanente es \u201ctransitar caminos que nos lleven a estrechar relaciones en todo el movimiento cooperativo\u201d, y reafirm\u00f3 la necesidad de avanzar hacia \u201cun movimiento fuerte, coordinado y capaz de generar una unidad de acci\u00f3n que contribuya al desarrollo colectivo\u201d.<\/p>\n<p><strong>Ocho convenios firmados y m\u00e1s en camino<\/strong><\/p>\n<p>Durante la jornada se suscribieron <strong>ocho convenios<\/strong>, considerando renovaciones y nuevos compromisos, entre estos \u00faltimos se encuentra el acuerdo con <strong>FCPU<\/strong>, que marca un paso significativo en la articulaci\u00f3n entre diferentes ramas del cooperativismo.<\/p>\n<p>Tambi\u00e9n se renov\u00f3 el convenio con la <strong>cooperativa de consumo Cotrans<\/strong>, que en 2023 dio origen a la cooperativa de vivienda por ahorro previo <strong>Covifunac<\/strong>; y se ampli\u00f3 el acuerdo con la \u00f3ptica cooperativa <strong>Co\u00f3ptica<\/strong>, reforzando la colaboraci\u00f3n para brindar mejores servicios y beneficios.<\/p>\n<p>Entre las nuevas incorporaciones figuran la cooperativa de cuidados<strong> Caminos<\/strong>, el colectivo <strong>Arquitectos de la Comunidad<\/strong>, la cooperativa educativa <strong>Coopintare<\/strong>, el instituto <strong>Algorithmics Montevideo<\/strong> y el club deportivo <strong>Larre Borges<\/strong>.<\/p>\n<p>Adem\u00e1s, Galv\u00e1n anunci\u00f3 que en las pr\u00f3ximas semanas se firmar\u00e1n dos convenios adicionales: uno con la <strong>cooperativa de trabajo El Puente de Colonia<\/strong>, especializada en el sector el\u00e9ctrico, y otro con el <strong>Taller Uruguayo de M\u00fasica Popular (TUMP)<\/strong>, que sumar\u00e1 una dimensi\u00f3n art\u00edstica y cultural al entramado de alianzas.<\/p>\n<p><strong>El movimiento cooperativo en el centro y en clave de futuro<\/strong><\/p>\n<p>En su intervenci\u00f3n, Monta\u00f1o record\u00f3 que este es el <strong>A\u00f1o Internacional de las Cooperativas<\/strong> y subray\u00f3 la relevancia de visibilizar su aporte:<br \/>\n\u201cEl movimiento cooperativo tiene una fuerza enorme en el mundo, en Am\u00e9rica y en el pa\u00eds. No solo es parte esencial de la vida econ\u00f3mica, tambi\u00e9n lo es de la vida social. Cada vez que decimos que somos cooperativistas reafirmamos que ponemos a las personas en el centro antes que la obtenci\u00f3n de un peso m\u00e1s o un peso menos\u201d.<\/p>\n<p>El actual presidente de Cudecoop, tambi\u00e9n vicepresidente de Fecovi, comparti\u00f3 adem\u00e1s cifras recientes que muestran que, en los \u00faltimos a\u00f1os, los puestos de trabajo generados por las cooperativas en Uruguay fueron <strong>cuatro veces mayores<\/strong> que en el conjunto del pa\u00eds y record\u00f3 que durante la pandemia el sector logr\u00f3 mantener la totalidad de los empleos, demostrando que la prioridad siempre fueron las personas.<\/p>\n<p>Con miras al <strong>6to Encuentro Nacional de Cooperativas<\/strong>, adelant\u00f3 que all\u00ed se presentar\u00e1n datos sobre el crecimiento y avances del movimiento, pero tambi\u00e9n se abrir\u00e1 un espacio de autocr\u00edtica para identificar debilidades y proyectar un desarrollo m\u00e1s s\u00f3lido y sostenible a futuro.<\/p>\n<p><strong>Un cierre con alegr\u00eda compartida<\/strong><\/p>\n<p>La jornada concluy\u00f3 con un clima de celebraci\u00f3n. La murga cooperativa <strong>Los Diablos Verdes<\/strong> llen\u00f3 de m\u00fasica y alegr\u00eda la sede de Fecovi, adelantando parte de su propuesta para el Carnaval 2026 y marcando su regreso a los escenarios.<\/p>\n<p>La firma de estos convenios, coincidieron los participantes, es un paso firme hacia el fortalecimiento de la intercooperaci\u00f3n y un recordatorio de que el cooperativismo sigue siendo una herramienta transformadora para el desarrollo social y econ\u00f3mico del pa\u00eds.<\/p>\n","protected":false},"excerpt":{"rendered":"<p>El lunes 22 de setiembre, la Federaci\u00f3n de Cooperativas de Vivienda de Usuarios por Ahorro Previo del Uruguay (Fecovi) firm\u00f3 la renovaci\u00f3n y nuevos convenios con organizaciones sociales, cooperativas e instituciones educativas, deportivas y culturales. Entre ellas se destac\u00f3 la firma junto a la Federaci\u00f3n de Cooperativas de Producci\u00f3n del Uruguay (FCPU); ambas socias de la Confederaci\u00f3n Uruguaya de Entidades Cooperativas (Cudecoop), desde donde acompa\u00f1amos la instancia, reafirmando el compromiso con el fortalecimiento de la intercooperaci\u00f3n. El acto se realiz\u00f3 en la sede de Fecovi, en la calle Canelones en el Centro de Montevideo, y cont\u00f3 con la presencia de [&#8230;]<\/p>\n","protected":false},"author":27,"featured_media":5258,"comment_status":"open","ping_status":"open","sticky":false,"template":"","format":"standard","meta":{"_acf_changed":false,"ngg_post_thumbnail":0,"footnotes":""},"categories":[7,6,1],"tags":[],"class_list":["post-5257","post","type-post","status-publish","format-standard","has-post-thumbnail","hentry","category-cooperativas","category-institucionales","category-noticias"],"acf":[],"_links":{"self":[{"href":"https:\/\/www.cudecoop.coop\/cudecoop\/wp-json\/wp\/v2\/posts\/5257","targetHints":{"allow":["GET"]}}],"collection":[{"href":"https:\/\/www.cudecoop.coop\/cudecoop\/wp-json\/wp\/v2\/posts"}],"about":[{"href":"https:\/\/www.cudecoop.coop\/cudecoop\/wp-json\/wp\/v2\/types\/post"}],"author":[{"embeddable":true,"href":"https:\/\/www.cudecoop.coop\/cudecoop\/wp-json\/wp\/v2\/users\/27"}],"replies":[{"embeddable":true,"href":"https:\/\/www.cudecoop.coop\/cudecoop\/wp-json\/wp\/v2\/comments?post=5257"}],"version-history":[{"count":1,"href":"https:\/\/www.cudecoop.coop\/cudecoop\/wp-json\/wp\/v2\/posts\/5257\/revisions"}],"predecessor-version":[{"id":5259,"href":"https:\/\/www.cudecoop.coop\/cudecoop\/wp-json\/wp\/v2\/posts\/5257\/revisions\/5259"}],"wp:featuredmedia":[{"embeddable":true,"href":"https:\/\/www.cudecoop.coop\/cudecoop\/wp-json\/wp\/v2\/media\/5258"}],"wp:attachment":[{"href":"https:\/\/www.cudecoop.coop\/cudecoop\/wp-json\/wp\/v2\/media?parent=5257"}],"wp:term":[{"taxonomy":"category","embeddable":true,"href":"https:\/\/www.cudecoop.coop\/cudecoop\/wp-json\/wp\/v2\/categories?post=5257"},{"taxonomy":"post_tag","embeddable":true,"href":"https:\/\/www.cudecoop.coop\/cudecoop\/wp-json\/wp\/v2\/tags?post=5257"}],"curies":[{"name":"wp","href":"https:\/\/api.w.org\/{rel}","templated":true}]}}