{"id":5247,"date":"2025-09-09T13:15:15","date_gmt":"2025-09-09T16:15:15","guid":{"rendered":"https:\/\/www.cudecoop.coop\/cudecoop\/?p=5247"},"modified":"2025-09-09T13:15:15","modified_gmt":"2025-09-09T16:15:15","slug":"desafios-para-trascender-construyendo-cooperativas-para-mejorar-la-vida-financiera-de-las-personas","status":"publish","type":"post","link":"https:\/\/www.cudecoop.coop\/cudecoop\/desafios-para-trascender-construyendo-cooperativas-para-mejorar-la-vida-financiera-de-las-personas\/","title":{"rendered":"\u201cDesaf\u00edos para trascender: construyendo cooperativas para mejorar la vida financiera de las personas\u201d"},"content":{"rendered":"<p>Invitamos a participar del seminario \u201cDesaf\u00edos para trascender: construyendo cooperativas para mejorar la vida financiera de las personas\u201d organizado por las Federaciones de Ahorro y Cr\u00e9dito y cooperativas de sector.<\/p>\n<p>El pr\u00f3ximo jueves 25 de setiembre en la Sala Mario Benedetti de la Torre de las Telecomunicaciones de Antel, desde las 8:30 hs. se llevar\u00e1 adelante una jornada<span style=\"font-size: 1rem;\"> para reflexionar sobre los retos actuales del sector ahorro y cr\u00e9dito.<\/span><\/p>\n<p>La actividad es organizada por Cooperativas Nacionales Financieras Aliadas en Red (Confiar), la C\u00e1mara Uruguaya de Cooperativas de Ahorro y Cr\u00e9dito de Capitalizaci\u00f3n (Cucacc) y la Federaci\u00f3n de Cooperativas de Ahorro y Cr\u00e9dito (Fecoac) y cuenta con el apoyo de la Confederaci\u00f3n Uruguaya de Entidades Cooperativas (Cudecoop), el Instituto Nacional del Cooperativismo (Inacoop), Innovhubs y Alinvest verde.&nbsp; Esta iniciativa surge del llamado de la Organizaci\u00f3n de las Naciones Unidas a sus Estados miembros a realizar actividades en el marco del A\u00f1o Internacional de las Cooperativas y es antecedida por varios eventos recientes del movimiento cooperativo mundial que han posicionado al sector de ahorro y cr\u00e9dito como un agente de desarrollo protag\u00f3nico en las finanzas de las personas y el desarrollo de sus comunidades.&nbsp;<\/p>\n<p>El objetivo del Seminario es analizar los principales desaf\u00edos del sector en un entorno altamente cambiante como el de nuestro pa\u00eds, posicionar al sector frente a los principales interlocutores del Gobierno y del movimiento cooperativo en general, e iniciar un proceso de intercooperacion entre las cooperativas de ahorro y cr\u00e9dito que permita identificar estrategias para el crecimiento y desarrollo en conjunto.&nbsp;<\/p>\n<p>M\u00e1s informaci\u00f3n e inscripciones <a href=\"https:\/\/docs.google.com\/forms\/d\/e\/1FAIpQLSeuLuAv4dT05O2CuMyD9OUynRYjYmAbx0aJ0ckeCXMa8vl0kQ\/viewform\">aqu\u00ed&nbsp;<\/a><\/p>\n","protected":false},"excerpt":{"rendered":"<p>Invitamos a participar del seminario \u201cDesaf\u00edos para trascender: construyendo cooperativas para mejorar la vida financiera de las personas\u201d organizado por las Federaciones de Ahorro y Cr\u00e9dito y cooperativas de sector. El pr\u00f3ximo jueves 25 de setiembre en la Sala Mario Benedetti de la Torre de las Telecomunicaciones de Antel, desde las 8:30 hs. se llevar\u00e1 adelante una jornada para reflexionar sobre los retos actuales del sector ahorro y cr\u00e9dito. La actividad es organizada por Cooperativas Nacionales Financieras Aliadas en Red (Confiar), la C\u00e1mara Uruguaya de Cooperativas de Ahorro y Cr\u00e9dito de Capitalizaci\u00f3n (Cucacc) y la Federaci\u00f3n de Cooperativas de Ahorro [&#8230;]<\/p>\n","protected":false},"author":27,"featured_media":5248,"comment_status":"open","ping_status":"open","sticky":false,"template":"","format":"standard","meta":{"_acf_changed":false,"ngg_post_thumbnail":0,"footnotes":""},"categories":[7,6,1],"tags":[],"class_list":["post-5247","post","type-post","status-publish","format-standard","has-post-thumbnail","hentry","category-cooperativas","category-institucionales","category-noticias"],"acf":[],"_links":{"self":[{"href":"https:\/\/www.cudecoop.coop\/cudecoop\/wp-json\/wp\/v2\/posts\/5247","targetHints":{"allow":["GET"]}}],"collection":[{"href":"https:\/\/www.cudecoop.coop\/cudecoop\/wp-json\/wp\/v2\/posts"}],"about":[{"href":"https:\/\/www.cudecoop.coop\/cudecoop\/wp-json\/wp\/v2\/types\/post"}],"author":[{"embeddable":true,"href":"https:\/\/www.cudecoop.coop\/cudecoop\/wp-json\/wp\/v2\/users\/27"}],"replies":[{"embeddable":true,"href":"https:\/\/www.cudecoop.coop\/cudecoop\/wp-json\/wp\/v2\/comments?post=5247"}],"version-history":[{"count":1,"href":"https:\/\/www.cudecoop.coop\/cudecoop\/wp-json\/wp\/v2\/posts\/5247\/revisions"}],"predecessor-version":[{"id":5249,"href":"https:\/\/www.cudecoop.coop\/cudecoop\/wp-json\/wp\/v2\/posts\/5247\/revisions\/5249"}],"wp:featuredmedia":[{"embeddable":true,"href":"https:\/\/www.cudecoop.coop\/cudecoop\/wp-json\/wp\/v2\/media\/5248"}],"wp:attachment":[{"href":"https:\/\/www.cudecoop.coop\/cudecoop\/wp-json\/wp\/v2\/media?parent=5247"}],"wp:term":[{"taxonomy":"category","embeddable":true,"href":"https:\/\/www.cudecoop.coop\/cudecoop\/wp-json\/wp\/v2\/categories?post=5247"},{"taxonomy":"post_tag","embeddable":true,"href":"https:\/\/www.cudecoop.coop\/cudecoop\/wp-json\/wp\/v2\/tags?post=5247"}],"curies":[{"name":"wp","href":"https:\/\/api.w.org\/{rel}","templated":true}]}}