{"id":5232,"date":"2025-08-20T17:44:02","date_gmt":"2025-08-20T20:44:02","guid":{"rendered":"https:\/\/www.cudecoop.coop\/cudecoop\/?p=5232"},"modified":"2025-08-21T11:01:14","modified_gmt":"2025-08-21T14:01:14","slug":"se-realizo-una-nueva-asamblea-general-ordinaria-de-cudecoop-2","status":"publish","type":"post","link":"https:\/\/www.cudecoop.coop\/cudecoop\/se-realizo-una-nueva-asamblea-general-ordinaria-de-cudecoop-2\/","title":{"rendered":"SE REALIZ\u00d3 UNA NUEVA ASAMBLEA GENERAL EXTRAORDINARIA DE CUDECOOP"},"content":{"rendered":"<p>El martes 20 de agosto, en la sede de la Confederaci\u00f3n Uruguaya de Entidades Cooperativas (Cudecoop), se realiz\u00f3 una nueva Asamblea General Extraordinaria, convocada por integrantes del Consejo Directivo.&nbsp;<\/p>\n<p>Los temas tratados fueron:<\/p>\n<p>1. Consideraci\u00f3n del acta anterior<br \/>\n2. Consideraci\u00f3n de la planificaci\u00f3n estrat\u00e9gica 2025-2027<br \/>\n3. Consideraci\u00f3n del presupuesto anual<\/p>\n","protected":false},"excerpt":{"rendered":"<p>El martes 20 de agosto, en la sede de la Confederaci\u00f3n Uruguaya de Entidades Cooperativas (Cudecoop), se realiz\u00f3 una nueva Asamblea General Extraordinaria, convocada por integrantes del Consejo Directivo.&nbsp; Los temas tratados fueron: 1. Consideraci\u00f3n del acta anterior<br \/> 2. Consideraci\u00f3n de la planificaci\u00f3n estrat\u00e9gica 2025-2027<br \/> 3. Consideraci\u00f3n del presupuesto [&#8230;]<\/p>\n","protected":false},"author":27,"featured_media":5233,"comment_status":"open","ping_status":"open","sticky":false,"template":"","format":"standard","meta":{"_acf_changed":false,"ngg_post_thumbnail":0,"footnotes":""},"categories":[7,6,1],"tags":[],"class_list":["post-5232","post","type-post","status-publish","format-standard","has-post-thumbnail","hentry","category-cooperativas","category-institucionales","category-noticias"],"acf":[],"_links":{"self":[{"href":"https:\/\/www.cudecoop.coop\/cudecoop\/wp-json\/wp\/v2\/posts\/5232","targetHints":{"allow":["GET"]}}],"collection":[{"href":"https:\/\/www.cudecoop.coop\/cudecoop\/wp-json\/wp\/v2\/posts"}],"about":[{"href":"https:\/\/www.cudecoop.coop\/cudecoop\/wp-json\/wp\/v2\/types\/post"}],"author":[{"embeddable":true,"href":"https:\/\/www.cudecoop.coop\/cudecoop\/wp-json\/wp\/v2\/users\/27"}],"replies":[{"embeddable":true,"href":"https:\/\/www.cudecoop.coop\/cudecoop\/wp-json\/wp\/v2\/comments?post=5232"}],"version-history":[{"count":2,"href":"https:\/\/www.cudecoop.coop\/cudecoop\/wp-json\/wp\/v2\/posts\/5232\/revisions"}],"predecessor-version":[{"id":5235,"href":"https:\/\/www.cudecoop.coop\/cudecoop\/wp-json\/wp\/v2\/posts\/5232\/revisions\/5235"}],"wp:featuredmedia":[{"embeddable":true,"href":"https:\/\/www.cudecoop.coop\/cudecoop\/wp-json\/wp\/v2\/media\/5233"}],"wp:attachment":[{"href":"https:\/\/www.cudecoop.coop\/cudecoop\/wp-json\/wp\/v2\/media?parent=5232"}],"wp:term":[{"taxonomy":"category","embeddable":true,"href":"https:\/\/www.cudecoop.coop\/cudecoop\/wp-json\/wp\/v2\/categories?post=5232"},{"taxonomy":"post_tag","embeddable":true,"href":"https:\/\/www.cudecoop.coop\/cudecoop\/wp-json\/wp\/v2\/tags?post=5232"}],"curies":[{"name":"wp","href":"https:\/\/api.w.org\/{rel}","templated":true}]}}