{"id":5224,"date":"2025-08-11T16:07:58","date_gmt":"2025-08-11T19:07:58","guid":{"rendered":"https:\/\/www.cudecoop.coop\/cudecoop\/?p=5224"},"modified":"2025-08-11T18:10:59","modified_gmt":"2025-08-11T21:10:59","slug":"continua-el-ciclo-de-talleres-formacion-sobre-diseno-y-o-actualizacion-de-reglamentos-internos-de-cooperativas-en-todo-el-pais","status":"publish","type":"post","link":"https:\/\/www.cudecoop.coop\/cudecoop\/continua-el-ciclo-de-talleres-formacion-sobre-diseno-y-o-actualizacion-de-reglamentos-internos-de-cooperativas-en-todo-el-pais\/","title":{"rendered":"CONTIN\u00daA EL CICLO DE TALLERES: \u201cFORMACI\u00d3N SOBRE DISE\u00d1O Y\/O ACTUALIZACI\u00d3N DE REGLAMENTOS INTERNOS DE COOPERATIVAS\u201d EN TODO EL PA\u00cdS"},"content":{"rendered":"<p>Desde abril de este a\u00f1o la Confederaci\u00f3n Uruguaya de Entidades Cooperativas (Cudecoop) desarrolla el ciclo de talleres \u201cFormaci\u00f3n sobre dise\u00f1o y\/o actualizaci\u00f3n de Reglamentos Internos de Cooperativas\u201d en distintas localidades del pa\u00eds. Los talleres est\u00e1n a cargo de Julio Cabrera, responsable de formaci\u00f3n de Cudecoop, con el apoyo del Programa de Desarrollo Cooperativo Territorial.<\/p>\n<p>Al momento se han realizado encuentros en Montevideo, Canelones, San Jos\u00e9, Colonia, Tacuaremb\u00f3, Paysand\u00fa, Treinta y Tres y Cerro Largo que contaron con la participaci\u00f3n de m\u00e1s de 150 cooperativistas en territorio, quienes se han comprometido a continuar trabajando en la incorporaci\u00f3n de estas y otras herramientas de formaci\u00f3n de cara a las actividades de los \u00faltimos meses de este 2025 &#8211; A\u00f1o Internacional de las Cooperativas.&nbsp;<\/p>\n<p><strong>Pr\u00f3ximas fechas<\/strong>:<\/p>\n<p>\ud83d\udccd R\u00edo Negro &#8211; Martes 12 de agosto \u270d\ud83c\udffdInscripciones <a href=\"https:\/\/forms.gle\/X3dif8AxZHfAiWwE6\">aqu\u00ed<\/a><\/p>\n<p>\ud83d\udccdFlorida &#8211; S\u00e1bado 23 de agosto \u270d\ud83c\udffdInscripciones <a href=\"https:\/\/forms.gle\/E3NMVQZ2NiWw3KuH7\">aqu\u00ed<\/a><\/p>\n<p>Estos talleres se realizan en el marco del Proyecto de Formaci\u00f3n en Negociaci\u00f3n Colectiva, financiado por el Instituto Nacional de Empleo y Formaci\u00f3n Profesional (Inefop).<\/p>\n","protected":false},"excerpt":{"rendered":"<p>Desde abril de este a\u00f1o la Confederaci\u00f3n Uruguaya de Entidades Cooperativas (Cudecoop) desarrolla el ciclo de talleres \u201cFormaci\u00f3n sobre dise\u00f1o y\/o actualizaci\u00f3n de Reglamentos Internos de Cooperativas\u201d en distintas localidades del pa\u00eds. Los talleres est\u00e1n a cargo de Julio Cabrera, responsable de formaci\u00f3n de Cudecoop, con el apoyo del Programa de Desarrollo Cooperativo Territorial. Al momento se han realizado encuentros en Montevideo, Canelones, San Jos\u00e9, Colonia, Tacuaremb\u00f3, Paysand\u00fa, Treinta y Tres y Cerro Largo que contaron con la participaci\u00f3n de m\u00e1s de 150 cooperativistas en territorio, quienes se han comprometido a continuar trabajando en la incorporaci\u00f3n de estas y otras [&#8230;]<\/p>\n","protected":false},"author":27,"featured_media":5225,"comment_status":"open","ping_status":"open","sticky":false,"template":"","format":"standard","meta":{"_acf_changed":false,"ngg_post_thumbnail":0,"footnotes":""},"categories":[7,6,1],"tags":[],"class_list":["post-5224","post","type-post","status-publish","format-standard","has-post-thumbnail","hentry","category-cooperativas","category-institucionales","category-noticias"],"acf":[],"_links":{"self":[{"href":"https:\/\/www.cudecoop.coop\/cudecoop\/wp-json\/wp\/v2\/posts\/5224","targetHints":{"allow":["GET"]}}],"collection":[{"href":"https:\/\/www.cudecoop.coop\/cudecoop\/wp-json\/wp\/v2\/posts"}],"about":[{"href":"https:\/\/www.cudecoop.coop\/cudecoop\/wp-json\/wp\/v2\/types\/post"}],"author":[{"embeddable":true,"href":"https:\/\/www.cudecoop.coop\/cudecoop\/wp-json\/wp\/v2\/users\/27"}],"replies":[{"embeddable":true,"href":"https:\/\/www.cudecoop.coop\/cudecoop\/wp-json\/wp\/v2\/comments?post=5224"}],"version-history":[{"count":2,"href":"https:\/\/www.cudecoop.coop\/cudecoop\/wp-json\/wp\/v2\/posts\/5224\/revisions"}],"predecessor-version":[{"id":5227,"href":"https:\/\/www.cudecoop.coop\/cudecoop\/wp-json\/wp\/v2\/posts\/5224\/revisions\/5227"}],"wp:featuredmedia":[{"embeddable":true,"href":"https:\/\/www.cudecoop.coop\/cudecoop\/wp-json\/wp\/v2\/media\/5225"}],"wp:attachment":[{"href":"https:\/\/www.cudecoop.coop\/cudecoop\/wp-json\/wp\/v2\/media?parent=5224"}],"wp:term":[{"taxonomy":"category","embeddable":true,"href":"https:\/\/www.cudecoop.coop\/cudecoop\/wp-json\/wp\/v2\/categories?post=5224"},{"taxonomy":"post_tag","embeddable":true,"href":"https:\/\/www.cudecoop.coop\/cudecoop\/wp-json\/wp\/v2\/tags?post=5224"}],"curies":[{"name":"wp","href":"https:\/\/api.w.org\/{rel}","templated":true}]}}