{"id":5209,"date":"2025-07-28T15:53:29","date_gmt":"2025-07-28T18:53:29","guid":{"rendered":"https:\/\/www.cudecoop.coop\/cudecoop\/?p=5209"},"modified":"2025-07-28T16:04:17","modified_gmt":"2025-07-28T19:04:17","slug":"convocatoria-abierta-para-asistencia-tecnica-a-cooperativas-con-nuevas-unidades-de-negocio-apoyadas-por-incubacoop","status":"publish","type":"post","link":"https:\/\/www.cudecoop.coop\/cudecoop\/convocatoria-abierta-para-asistencia-tecnica-a-cooperativas-con-nuevas-unidades-de-negocio-apoyadas-por-incubacoop\/","title":{"rendered":"Convocatoria abierta para asistencia t\u00e9cnica a cooperativas con nuevas unidades de negocio apoyadas por Incubacoop"},"content":{"rendered":"<p><span style=\"font-weight: 400;\">En un esfuerzo por potenciar el ecosistema cooperativo uruguayo, la incubadora de proyectos cooperativos innovadores, <\/span><b>INCUBACOOP<\/b><span style=\"font-weight: 400;\"> y el proyecto<\/span><b> INNOVHUBS<\/b><span style=\"font-weight: 400;\"> impulsado por Cudecoop y apoyado por el programa <\/span><b>AL Invest Verde de la Uni\u00f3n Europea<\/b><span style=\"font-weight: 400;\"> lanzan la convocatoria para la contrataci\u00f3n de servicios de asistencia t\u00e9cnica a cooperativas con nuevas unidades de negocio apoyadas por Incubacoop, Uruguay.<\/span><\/p>\n<p><span style=\"font-weight: 400;\">La asistencia est\u00e1 dirigida a tres cooperativas constituidas con nuevas unidades de negocio. El objetivo es la realizaci\u00f3n del diagn\u00f3stico empresarial de la cooperativa vinculada al proyecto presentado, la creaci\u00f3n del an\u00e1lisis de oportunidades de financiamiento nacional, el an\u00e1lisis de oportunidades de mercado y propuesta de apoyos espec\u00edficos que se pueden realizar.&nbsp;&nbsp;&nbsp;<\/span><\/p>\n<p><span style=\"font-weight: 400;\">Previo a iniciar la consultor\u00eda, y teniendo conocimiento de los proyectos, se solicita que se presente un plan de trabajo, que implique reuniones con las cooperativas, para ejecutar las actividades a desarrollar.<\/span> <b>&nbsp;<\/b><\/p>\n<p><span style=\"font-weight: 400;\">La consultora, ya sea individual o institucional, deber\u00e1 acreditar experiencia en trabajo con emprendedores, formaci\u00f3n en econom\u00eda social, procesos de fortalecimiento cooperativo y experiencia en aceleraci\u00f3n de negocios.&nbsp;&nbsp;<\/span><\/p>\n<p><span style=\"font-weight: 400;\">El <\/span><b>plazo de ejecuci\u00f3n<\/b><span style=\"font-weight: 400;\"> de estos servicios ser\u00e1 entre los meses de <\/span><b>agosto y septiembre de 2025<\/b><span style=\"font-weight: 400;\">. Las personas interesadas en postularse tienen tiempo hasta<\/span><span style=\"font-weight: 400;\"> el <\/span><b>5 de agosto de 2025 a las 18:00 hs <\/b><span style=\"font-weight: 400;\">para enviar sus propuestas al correo: <\/span><a href=\"mailto:innovhubs.contacto@gmail.com\"><b>innovhubs.co<\/b><b>ntacto@gmail.com<\/b><\/a><span style=\"font-weight: 400;\">.&nbsp;<\/span><\/p>\n<p><span style=\"font-weight: 400;\">La postulaci\u00f3n debe ir acompa\u00f1ada de una nota formal que manifieste el inter\u00e9s y las principales motivaciones para participar en esta convocatoria.&nbsp;&nbsp;<\/span><\/p>\n<p><span style=\"font-weight: 400;\">Ver bases <\/span><b><a href=\"https:\/\/drive.google.com\/file\/d\/1kuTW0vAbQj-WjKMTJhdTJwmZZWYMcJic\/view?usp=sharing\">aqu\u00ed<\/a>. <\/b><span style=\"font-weight: 400;\">&nbsp;&nbsp;<\/span><\/p>\n","protected":false},"excerpt":{"rendered":"<p>En un esfuerzo por potenciar el ecosistema cooperativo uruguayo, la incubadora de proyectos cooperativos innovadores, INCUBACOOP y el proyecto INNOVHUBS impulsado por Cudecoop y apoyado por el programa AL Invest Verde de la Uni\u00f3n Europea lanzan la convocatoria para la contrataci\u00f3n de servicios de asistencia t\u00e9cnica a cooperativas con nuevas unidades de negocio apoyadas por Incubacoop, Uruguay. La asistencia est\u00e1 dirigida a tres cooperativas constituidas con nuevas unidades de negocio. El objetivo es la realizaci\u00f3n del diagn\u00f3stico empresarial de la cooperativa vinculada al proyecto presentado, la creaci\u00f3n del an\u00e1lisis de oportunidades de financiamiento nacional, el an\u00e1lisis de oportunidades de mercado [&#8230;]<\/p>\n","protected":false},"author":27,"featured_media":5211,"comment_status":"open","ping_status":"open","sticky":false,"template":"","format":"standard","meta":{"_acf_changed":false,"ngg_post_thumbnail":0,"footnotes":""},"categories":[7,6,1],"tags":[],"class_list":["post-5209","post","type-post","status-publish","format-standard","has-post-thumbnail","hentry","category-cooperativas","category-institucionales","category-noticias"],"acf":[],"_links":{"self":[{"href":"https:\/\/www.cudecoop.coop\/cudecoop\/wp-json\/wp\/v2\/posts\/5209","targetHints":{"allow":["GET"]}}],"collection":[{"href":"https:\/\/www.cudecoop.coop\/cudecoop\/wp-json\/wp\/v2\/posts"}],"about":[{"href":"https:\/\/www.cudecoop.coop\/cudecoop\/wp-json\/wp\/v2\/types\/post"}],"author":[{"embeddable":true,"href":"https:\/\/www.cudecoop.coop\/cudecoop\/wp-json\/wp\/v2\/users\/27"}],"replies":[{"embeddable":true,"href":"https:\/\/www.cudecoop.coop\/cudecoop\/wp-json\/wp\/v2\/comments?post=5209"}],"version-history":[{"count":1,"href":"https:\/\/www.cudecoop.coop\/cudecoop\/wp-json\/wp\/v2\/posts\/5209\/revisions"}],"predecessor-version":[{"id":5210,"href":"https:\/\/www.cudecoop.coop\/cudecoop\/wp-json\/wp\/v2\/posts\/5209\/revisions\/5210"}],"wp:featuredmedia":[{"embeddable":true,"href":"https:\/\/www.cudecoop.coop\/cudecoop\/wp-json\/wp\/v2\/media\/5211"}],"wp:attachment":[{"href":"https:\/\/www.cudecoop.coop\/cudecoop\/wp-json\/wp\/v2\/media?parent=5209"}],"wp:term":[{"taxonomy":"category","embeddable":true,"href":"https:\/\/www.cudecoop.coop\/cudecoop\/wp-json\/wp\/v2\/categories?post=5209"},{"taxonomy":"post_tag","embeddable":true,"href":"https:\/\/www.cudecoop.coop\/cudecoop\/wp-json\/wp\/v2\/tags?post=5209"}],"curies":[{"name":"wp","href":"https:\/\/api.w.org\/{rel}","templated":true}]}}