{"id":5205,"date":"2025-07-23T17:42:24","date_gmt":"2025-07-23T20:42:24","guid":{"rendered":"https:\/\/www.cudecoop.coop\/cudecoop\/?p=5205"},"modified":"2025-07-23T18:16:28","modified_gmt":"2025-07-23T21:16:28","slug":"amplificador-de-la-voz-cooperativa-una-propuesta-del-programa-de-desarrollo-cooperativo-territorial","status":"publish","type":"post","link":"https:\/\/www.cudecoop.coop\/cudecoop\/amplificador-de-la-voz-cooperativa-una-propuesta-del-programa-de-desarrollo-cooperativo-territorial\/","title":{"rendered":"Amplificador de la voz cooperativa: una propuesta del Programa de Desarrollo Cooperativo Territorial"},"content":{"rendered":"<p>Julio es el mes de las cooperativas y este a\u00f1o es especial ya que la Organizaci\u00f3n de las Naciones Unidas declar\u00f3 el 2025 como el A\u00f1o Internacional de las Cooperativas.&nbsp;<\/p>\n<p>En este marco, desde el Programa de Desarrollo Cooperativo Territorial que lleva adelante la Confederaci\u00f3n Uruguaya de Entidades Cooperativas (Cudecoop) con apoyo del Instituto Nacional del Cooperativismo (Inacoop), queremos impulsarte a que si formas parte de una cooperativa o tenes v\u00ednculo con la Econom\u00eda Social y Solidaria puedas <strong>amplificar la voz cooperativa en tu localidad<\/strong>.&nbsp;<\/p>\n<p>Esta propuesta surge de la necesidad de impulsar a las y los cooperativistas de todo el pa\u00eds a narrar sus experiencias y compartir sus conocimientos para que el cooperativismo siga expandi\u00e9ndose en las aulas.<\/p>\n<p><strong>El cooperativismo te transporta, te alimenta, te financia, te educa, te cuida y te da un hogar. <\/strong>El cooperativismo ya es parte de tu vida y por eso te invitamos, a que seas protagonista contando tu experiencia en el Centro Educativo de tu barrio o localidad.<\/p>\n<p>Convocamos a que puedan acercarse a una escuela, un liceo o cualquier centro educativo cercano a compartir su experiencia como cooperativistas para destacar el rol fundamental de las cooperativas en la sociedad.&nbsp;<\/p>\n<p>Para esto, podr\u00e1s ponerte en contacto con la Promotora o Promotor de tu Departamento o comunicarte a <span style=\"font-size: 1rem;\">cudecoopcomunicacion@gmail.com para que podamos acompa\u00f1arte en el proceso.&nbsp;<\/span><\/p>\n<p>Cooperar no es solo una forma de hacer econom\u00eda.<\/p>\n<p>Es una forma de vida.<br \/>\nUna decisi\u00f3n \u00e9tica.<br \/>\nUna apuesta colectiva por el futuro.<\/p>\n<p>Y por eso \u00a1Te invitamos a ser parte!&nbsp;<\/p>\n<p>Invitaci\u00f3n disponible <a href=\"https:\/\/www.youtube.com\/shorts\/gIdQabU06NU\">aqu\u00ed<\/a><\/p>\n","protected":false},"excerpt":{"rendered":"<p>Julio es el mes de las cooperativas y este a\u00f1o es especial ya que la Organizaci\u00f3n de las Naciones Unidas declar\u00f3 el 2025 como el A\u00f1o Internacional de las Cooperativas.&nbsp; En este marco, desde el Programa de Desarrollo Cooperativo Territorial que lleva adelante la Confederaci\u00f3n Uruguaya de Entidades Cooperativas (Cudecoop) con apoyo del Instituto Nacional del Cooperativismo (Inacoop), queremos impulsarte a que si formas parte de una cooperativa o tenes v\u00ednculo con la Econom\u00eda Social y Solidaria puedas amplificar la voz cooperativa en tu localidad.&nbsp; Esta propuesta surge de la necesidad de impulsar a las y los cooperativistas de todo [&#8230;]<\/p>\n","protected":false},"author":27,"featured_media":0,"comment_status":"open","ping_status":"open","sticky":false,"template":"","format":"standard","meta":{"_acf_changed":false,"ngg_post_thumbnail":0,"footnotes":""},"categories":[7,6,1],"tags":[],"class_list":["post-5205","post","type-post","status-publish","format-standard","hentry","category-cooperativas","category-institucionales","category-noticias"],"acf":[],"_links":{"self":[{"href":"https:\/\/www.cudecoop.coop\/cudecoop\/wp-json\/wp\/v2\/posts\/5205","targetHints":{"allow":["GET"]}}],"collection":[{"href":"https:\/\/www.cudecoop.coop\/cudecoop\/wp-json\/wp\/v2\/posts"}],"about":[{"href":"https:\/\/www.cudecoop.coop\/cudecoop\/wp-json\/wp\/v2\/types\/post"}],"author":[{"embeddable":true,"href":"https:\/\/www.cudecoop.coop\/cudecoop\/wp-json\/wp\/v2\/users\/27"}],"replies":[{"embeddable":true,"href":"https:\/\/www.cudecoop.coop\/cudecoop\/wp-json\/wp\/v2\/comments?post=5205"}],"version-history":[{"count":2,"href":"https:\/\/www.cudecoop.coop\/cudecoop\/wp-json\/wp\/v2\/posts\/5205\/revisions"}],"predecessor-version":[{"id":5207,"href":"https:\/\/www.cudecoop.coop\/cudecoop\/wp-json\/wp\/v2\/posts\/5205\/revisions\/5207"}],"wp:attachment":[{"href":"https:\/\/www.cudecoop.coop\/cudecoop\/wp-json\/wp\/v2\/media?parent=5205"}],"wp:term":[{"taxonomy":"category","embeddable":true,"href":"https:\/\/www.cudecoop.coop\/cudecoop\/wp-json\/wp\/v2\/categories?post=5205"},{"taxonomy":"post_tag","embeddable":true,"href":"https:\/\/www.cudecoop.coop\/cudecoop\/wp-json\/wp\/v2\/tags?post=5205"}],"curies":[{"name":"wp","href":"https:\/\/api.w.org\/{rel}","templated":true}]}}