{"id":5193,"date":"2025-07-15T15:18:46","date_gmt":"2025-07-15T18:18:46","guid":{"rendered":"https:\/\/www.cudecoop.coop\/cudecoop\/?p=5193"},"modified":"2025-08-11T15:22:52","modified_gmt":"2025-08-11T18:22:52","slug":"maldonado-encuentro-regional-de-cooperativas","status":"publish","type":"post","link":"https:\/\/www.cudecoop.coop\/cudecoop\/maldonado-encuentro-regional-de-cooperativas\/","title":{"rendered":"Encuentro Regional Sur Este &#8211; Maldonado"},"content":{"rendered":"<p><b>Nos preparamos para el 6to Encuentro Nacional de Cooperativas<\/b><\/p>\n<p><b><\/b>En el marco del Programa de Desarrollo Cooperativo Territorial invitamos a cooperativistas y representantes del movimiento cooperativo nacional y local a participar del&nbsp;<strong>Encuentro Regional<\/strong>.<br \/>\nEn esta jornada trabajaremos sobre los ejes tem\u00e1ticos que estructurar\u00e1n los debates, talleres y plenarios del Encuentro:<\/p>\n<p>\u2013 El impacto del cooperativismo en la econom\u00eda y la sociedad uruguaya<\/p>\n<p>\u2013 La identidad cooperativa como base para la acci\u00f3n gremial y pol\u00edtica<\/p>\n<p>\u2013 La innovaci\u00f3n como motor de desarrollo para el cooperativismo.<\/p>\n<p>Este Encuentro Regional, antecedido por el realizado en Paysand\u00fa en mayo y en San Jos\u00e9 en julio, ser\u00e1 el tercer y \u00faltimo preparatorio previo a las actividades nacionales a realizarse los d\u00edas 5, 6 y 7 de noviembre en Montevideo.&nbsp;<\/p>\n<p>Convocamos a cooperativistas de Maldonado, Treinta y Tres, Cerro Largo, Canelones, Montevideo, Lavalleja y Rocha.&nbsp;<\/p>\n<p>Nos encontramos el s\u00e1bado 2 de agosto de 8:30 a 14:00 hs. en el <span style=\"font-family: arial, sans-serif;\">Centro Universitario Regional Este (CURE) &#8211; Av. Cachimba del Rey entre Bvar. Artigas y Av. Aparicio Saravia &#8211; Maldonado.&nbsp;<\/span><\/p>\n<p><strong>Inscripciones&nbsp;<\/strong><a href=\"https:\/\/forms.gle\/jJF3LYX2KMnqDohYA\">aqu\u00ed<\/a><\/p>\n","protected":false},"excerpt":{"rendered":"<p>Nos preparamos para el 6to Encuentro Nacional de Cooperativas En el marco del Programa de Desarrollo Cooperativo Territorial invitamos a cooperativistas y representantes del movimiento cooperativo nacional y local a participar del&nbsp;Encuentro Regional.<br \/> En esta jornada trabajaremos sobre los ejes tem\u00e1ticos que estructurar\u00e1n los debates, talleres y plenarios del Encuentro: \u2013 El impacto del cooperativismo en la econom\u00eda y la sociedad uruguaya \u2013 La identidad cooperativa como base para la acci\u00f3n gremial y pol\u00edtica \u2013 La innovaci\u00f3n como motor de desarrollo para el cooperativismo. Este Encuentro Regional, antecedido por el realizado en Paysand\u00fa en mayo y en San Jos\u00e9 [&#8230;]<\/p>\n","protected":false},"author":27,"featured_media":5198,"comment_status":"open","ping_status":"open","sticky":false,"template":"","format":"standard","meta":{"_acf_changed":false,"ngg_post_thumbnail":0,"footnotes":""},"categories":[7,6,1],"tags":[],"class_list":["post-5193","post","type-post","status-publish","format-standard","has-post-thumbnail","hentry","category-cooperativas","category-institucionales","category-noticias"],"acf":[],"_links":{"self":[{"href":"https:\/\/www.cudecoop.coop\/cudecoop\/wp-json\/wp\/v2\/posts\/5193","targetHints":{"allow":["GET"]}}],"collection":[{"href":"https:\/\/www.cudecoop.coop\/cudecoop\/wp-json\/wp\/v2\/posts"}],"about":[{"href":"https:\/\/www.cudecoop.coop\/cudecoop\/wp-json\/wp\/v2\/types\/post"}],"author":[{"embeddable":true,"href":"https:\/\/www.cudecoop.coop\/cudecoop\/wp-json\/wp\/v2\/users\/27"}],"replies":[{"embeddable":true,"href":"https:\/\/www.cudecoop.coop\/cudecoop\/wp-json\/wp\/v2\/comments?post=5193"}],"version-history":[{"count":4,"href":"https:\/\/www.cudecoop.coop\/cudecoop\/wp-json\/wp\/v2\/posts\/5193\/revisions"}],"predecessor-version":[{"id":5197,"href":"https:\/\/www.cudecoop.coop\/cudecoop\/wp-json\/wp\/v2\/posts\/5193\/revisions\/5197"}],"wp:featuredmedia":[{"embeddable":true,"href":"https:\/\/www.cudecoop.coop\/cudecoop\/wp-json\/wp\/v2\/media\/5198"}],"wp:attachment":[{"href":"https:\/\/www.cudecoop.coop\/cudecoop\/wp-json\/wp\/v2\/media?parent=5193"}],"wp:term":[{"taxonomy":"category","embeddable":true,"href":"https:\/\/www.cudecoop.coop\/cudecoop\/wp-json\/wp\/v2\/categories?post=5193"},{"taxonomy":"post_tag","embeddable":true,"href":"https:\/\/www.cudecoop.coop\/cudecoop\/wp-json\/wp\/v2\/tags?post=5193"}],"curies":[{"name":"wp","href":"https:\/\/api.w.org\/{rel}","templated":true}]}}