{"id":5189,"date":"2025-07-10T14:14:32","date_gmt":"2025-07-10T17:14:32","guid":{"rendered":"https:\/\/www.cudecoop.coop\/cudecoop\/?p=5189"},"modified":"2025-12-02T16:00:58","modified_gmt":"2025-12-02T19:00:58","slug":"mas-de-150-cooperativistas-participaron-de-las-actividades-por-el-dia-internacional-de-las-cooperativas-en-san-jose","status":"publish","type":"post","link":"https:\/\/www.cudecoop.coop\/cudecoop\/mas-de-150-cooperativistas-participaron-de-las-actividades-por-el-dia-internacional-de-las-cooperativas-en-san-jose\/","title":{"rendered":"M\u00e1s de 150 cooperativistas participaron de las actividades por el D\u00eda Internacional de las Cooperativas en San Jos\u00e9"},"content":{"rendered":"<div class=\"html-div xdj266r x14z9mp xat24cr x1lziwak xexx8yu xyri2b x18d9i69 x1c1uobl\">\n<div class=\"html-div xdj266r x14z9mp xat24cr x1lziwak xexx8yu xyri2b x18d9i69 x1c1uobl\" dir=\"auto\">\n<div class=\"html-div xdj266r x14z9mp xat24cr x1lziwak xexx8yu xyri2b x18d9i69 x1c1uobl\" data-ad-rendering-role=\"story_message\">\n<div id=\"_r_1k5_\" class=\"x1l90r2v x1iorvi4 x1g0dm76 xpdmqnj\" data-ad-comet-preview=\"message\" data-ad-preview=\"message\">\n<div class=\"x78zum5 xdt5ytf xz62fqu x16ldp7u\">\n<div class=\"xu06os2 x1ok221b\">\n<div class=\"html-div xdj266r x14z9mp xat24cr x1lziwak xexx8yu xyri2b x18d9i69 x1c1uobl\">\n<div class=\"xdj266r x14z9mp xat24cr x1lziwak x1vvkbs x126k92a\">\n<div dir=\"auto\">\n<p>Celebramos el D\u00eda Internacional de las Cooperativas en San Jos\u00e9 de Mayo, Capital Nacional del Cooperativismo 2025, con m\u00e1s de 150 participantes de San Jos\u00e9, Colonia, Durazno, Flores, Florida, Montevideo y Canelones.&nbsp;<\/p>\n<p>El 5 de julio, en instalaciones del Instituto de Alta Especializaci\u00f3n \u201cJos\u00e9 F. Arias\u201d (IAE) de San Jos\u00e9, decenas de cooperativistas, referentes del movimiento cooperativo y autoridades departamentales y nacionales participaron de las diversas actividades convocadas con motivo del D\u00eda Internacional de las Cooperativas declarado por la Alianza Cooperativa Internacional para cada primer s\u00e1bado de julio.&nbsp;<\/p>\n<p>De la Mesa de apertura participaron Matias Hern\u00e1ndez, director de Desarrollo Econ\u00f3mico Intendencia de San Jos\u00e9; Graciela Fern\u00e1ndez, presidenta del Instituto Nacional del Cooperativismo (Inacoop); Hugo Monta\u00f1o, presidente de la Confederaci\u00f3n Uruguaya de Entidades Cooperativas (Cudecoop), Fernanda Cardona, ministra del Ministerio de Industria, Energ\u00eda y Miner\u00eda (MIEM) y Juan Castillo, ministro del Ministerio de Trabajo y Seguridad Social (MTSS).<\/p>\n<p>Esta jornada reuni\u00f3 diversas actividades que se desarrollaron en simult\u00e1neo y contin\u00faan siendo de aporte para el 6to Encuentro Nacional de Cooperativas que se realizar\u00e1 en Montevideo los d\u00edas 5, 6 y 7 de noviembre.&nbsp;<\/p>\n<p>Espec\u00edficamente, se realiz\u00f3 en Encuentro de cooperativas Regional Centro Sur, antecedido por el llevado a cabo en Paysand\u00fa en mayo, en el que se trabaj\u00f3 sobre tres ejes tem\u00e1ticos que estructurar\u00e1n los debates, talleres y plenarios del Encuentro:<\/p>\n<p>\u2013 El impacto del cooperativismo en la econom\u00eda y la sociedad uruguaya<\/p>\n<p>\u2013 La identidad cooperativa como base para la acci\u00f3n gremial y pol\u00edtica<\/p>\n<p>\u2013 La innovaci\u00f3n como motor de desarrollo para el cooperativismo.<\/p>\n<p>Intercambiando en grupos divididos por los ejes tem\u00e1ticos, las personas cooperativas, representantes gremiales y dem\u00e1s invitados, compartieron sus experiencias, aportaron sus propuestas y debatieron con el objetivo de seguir generando insumos para el Encuentro Nacional de noviembre en Montevideo.<\/p>\n<p>Tambi\u00e9n se desarroll\u00f3&nbsp; el panel &#8220;Las cooperativas y la transformaci\u00f3n del sistema agroalimentario en Uruguay&#8221; a cargo de la Organizaci\u00f3n de las Naciones Unidas para la Alimentaci\u00f3n y la Agricultura (FAO) del que participaron referentes de la Direcci\u00f3n General de Desarrollo Rural, Ministerio de Ganader\u00eda, Agricultura y Pesca (MGAP), Cooperativas Agrarias Federadas (CAF) y Comisi\u00f3n Nacional de Fomento Rural (CNFR).<\/p>\n<p>El cierre de la jornada estuvo a cargo de Fredy Rond\u00e1n, tesorero de Cudecoop y Flavia Carreto, vicepresidenta de Inacoop, quienes acompa\u00f1aron la inauguraci\u00f3n oficial de la Mesa Intercooperativa de San Jos\u00e9. Lorepresentantes de todas las clases cooperativas y distintas localidades del Departamento que asistieron recibieron el aliento de todos y todas las presentes.<\/p>\n<p>Esta es la 12va Mesa del Programa de Desarrollo Cooperativo Territorial&nbsp;que comienza un trabajo de integraci\u00f3n, articulaci\u00f3n local,&nbsp;fortalecimiento y capacitaci\u00f3n de sus integrantes,&nbsp;buscando adem\u00e1s el acercamiento de todas las cooperativas del departamento para construir un espacio de desarrollo cooperativo local en San Jos\u00e9. La Mesa tendr\u00e1&nbsp;adem\u00e1s otras actividades en el marco de San Jos\u00e9 de Mayo, Capital Nacional del Cooperativismo 2025.<\/p>\n<p>El \u00faltimo encuentro regional preparatorio para el 6to Encuentro Nacional ser\u00e1 el 2 de agosto en Maldonado \u00a1Pr\u00f3ximamente m\u00e1s informaci\u00f3n disponible!&nbsp;<\/p>\n<p>&nbsp;<\/p>\n<\/div>\n<\/div>\n<\/div>\n<\/div>\n<\/div>\n<\/div>\n<\/div>\n<\/div>\n<\/div>\n","protected":false},"excerpt":{"rendered":"<p>Celebramos el D\u00eda Internacional de las Cooperativas en San Jos\u00e9 de Mayo, Capital Nacional del Cooperativismo 2025, con m\u00e1s de 150 participantes de San Jos\u00e9, Colonia, Durazno, Flores, Florida, Montevideo y Canelones.&nbsp; El 5 de julio, en instalaciones del Instituto de Alta Especializaci\u00f3n \u201cJos\u00e9 F. Arias\u201d (IAE) de San Jos\u00e9, decenas de cooperativistas, referentes del movimiento cooperativo y autoridades departamentales y nacionales participaron de las diversas actividades convocadas con motivo del D\u00eda Internacional de las Cooperativas declarado por la Alianza Cooperativa Internacional para cada primer s\u00e1bado de julio.&nbsp; De la Mesa de apertura participaron Matias Hern\u00e1ndez, director de Desarrollo Econ\u00f3mico [&#8230;]<\/p>\n","protected":false},"author":27,"featured_media":5191,"comment_status":"open","ping_status":"open","sticky":false,"template":"","format":"standard","meta":{"_acf_changed":false,"ngg_post_thumbnail":0,"footnotes":""},"categories":[7,6,1],"tags":[],"class_list":["post-5189","post","type-post","status-publish","format-standard","has-post-thumbnail","hentry","category-cooperativas","category-institucionales","category-noticias"],"acf":[],"_links":{"self":[{"href":"https:\/\/www.cudecoop.coop\/cudecoop\/wp-json\/wp\/v2\/posts\/5189","targetHints":{"allow":["GET"]}}],"collection":[{"href":"https:\/\/www.cudecoop.coop\/cudecoop\/wp-json\/wp\/v2\/posts"}],"about":[{"href":"https:\/\/www.cudecoop.coop\/cudecoop\/wp-json\/wp\/v2\/types\/post"}],"author":[{"embeddable":true,"href":"https:\/\/www.cudecoop.coop\/cudecoop\/wp-json\/wp\/v2\/users\/27"}],"replies":[{"embeddable":true,"href":"https:\/\/www.cudecoop.coop\/cudecoop\/wp-json\/wp\/v2\/comments?post=5189"}],"version-history":[{"count":1,"href":"https:\/\/www.cudecoop.coop\/cudecoop\/wp-json\/wp\/v2\/posts\/5189\/revisions"}],"predecessor-version":[{"id":5190,"href":"https:\/\/www.cudecoop.coop\/cudecoop\/wp-json\/wp\/v2\/posts\/5189\/revisions\/5190"}],"wp:featuredmedia":[{"embeddable":true,"href":"https:\/\/www.cudecoop.coop\/cudecoop\/wp-json\/wp\/v2\/media\/5191"}],"wp:attachment":[{"href":"https:\/\/www.cudecoop.coop\/cudecoop\/wp-json\/wp\/v2\/media?parent=5189"}],"wp:term":[{"taxonomy":"category","embeddable":true,"href":"https:\/\/www.cudecoop.coop\/cudecoop\/wp-json\/wp\/v2\/categories?post=5189"},{"taxonomy":"post_tag","embeddable":true,"href":"https:\/\/www.cudecoop.coop\/cudecoop\/wp-json\/wp\/v2\/tags?post=5189"}],"curies":[{"name":"wp","href":"https:\/\/api.w.org\/{rel}","templated":true}]}}