{"id":5180,"date":"2025-07-03T16:54:22","date_gmt":"2025-07-03T19:54:22","guid":{"rendered":"https:\/\/www.cudecoop.coop\/cudecoop\/?p=5180"},"modified":"2025-07-03T16:54:22","modified_gmt":"2025-07-03T19:54:22","slug":"se-presento-la-publicacion-los-cambios-y-permanencias-en-las-politicas-publicas-y-la-evolucion-del-empleo-en-el-sector-cooperativo-uruguayo-2020-2024","status":"publish","type":"post","link":"https:\/\/www.cudecoop.coop\/cudecoop\/se-presento-la-publicacion-los-cambios-y-permanencias-en-las-politicas-publicas-y-la-evolucion-del-empleo-en-el-sector-cooperativo-uruguayo-2020-2024\/","title":{"rendered":"Se present\u00f3 la publicaci\u00f3n &#8220;Los cambios y permanencias en las pol\u00edticas p\u00fablicas y la evoluci\u00f3n del empleo en el sector cooperativo uruguayo 2020-2024&#8221;"},"content":{"rendered":"<p>El martes 1\u00b0 de julio, en Sede de la Confederaci\u00f3n Uruguaya de Entidades Cooperativas (Cudecoop) se realiz\u00f3, en el marco del primer Consejo Directivo del mes, la presentaci\u00f3n de la publicaci\u00f3n &#8220;Los cambios y permanencias en las pol\u00edticas p\u00fablicas y la evoluci\u00f3n del empleo en el sector cooperativo uruguayo 2020-2024&#8221; (<a href=\"https:\/\/www.cudecoop.coop\/cudecoop\/wp-content\/uploads\/2025\/06\/Cudecoop_Publicacion-literal-n_2024.pdf\">disponible aqu\u00ed<\/a>)<\/p>\n<p>La apertura estuvo a cargo de Hugo Monta\u00f1o, presidente de Cudecoop, quien destac\u00f3 que esta publicaci\u00f3n presenta aportes muy necesarios para la Confederaci\u00f3n y el movimiento cooperativo.<u><\/u><u><\/u><\/p>\n<p>De la presentaci\u00f3n del documento participaron Juan Pablo Mart\u00ed, quien fue adem\u00e1s coordinador acad\u00e9mico de esta publicaci\u00f3n; Brisa de Giacomi y Daniel Arbulo.<u><\/u><u><\/u><\/p>\n<p>La investigaci\u00f3n est\u00e1 integrada por: el informe sobre la evoluci\u00f3n de las pol\u00edticas p\u00fablicas para el cooperativismo en general, a cargo del Prof. Juan Pablo Mart\u00ed; &nbsp;el informe sobre cooperativas de consumo a cargo, de la Lic. Brisa de Giacomi; el informe sobre cooperativas de vivienda, realizado por el Arq. \u00c1lvaro Moreno; el informe de cooperativas de trabajo, producido por el Lic. Daniel Arbulo y el Prof. Juan Pablo Mart\u00ed y el informe sobre cooperativas sociales que fue elaborado por el Lic. Juan Mart\u00edn Fern\u00e1ndez Vallo y el Prof. Juan Pablo Mart\u00ed.<u><\/u><u><\/u><\/p>\n<p>Para la Confederaci\u00f3n, estos lineamientos de investigaci\u00f3n se han pensado siguiendo una l\u00ednea cronol\u00f3gica que da continuidad a los trabajos realizados, esto le permite al movimiento cooperativo en su conjunto, ser propositivo y seguir aportando al buen uso de la pol\u00edtica p\u00fablica ya existente, adem\u00e1s de pensar nuevos apoyos que beneficien a un sector de la econom\u00eda para el cual, las personas son el centro de los emprendimientos y que por supuesto, tienen mucho para aportar en el crecimiento del pa\u00eds para alcanzar, a trav\u00e9s de los valores cooperativos, una sociedad m\u00e1s justa, inclusiva y solidaria.<u><\/u><u><\/u><\/p>\n<p>Este archivo, que es la cuarta publicaci\u00f3n, es resultado de la investigaci\u00f3n realizada en el marco del proyecto apoyado por el Instituto Nacional de Empleo y Formaci\u00f3n Profesional \u2013 Inefop.<u><\/u><u><\/u><\/p>\n<p>Transmisi\u00f3n de la actividad disponible <a href=\"https:\/\/www.youtube.com\/watch?v=TkdGRyWwUBE\" target=\"_blank\" rel=\"noopener\" data-saferedirecturl=\"https:\/\/www.google.com\/url?q=https:\/\/www.youtube.com\/watch?v%3DTkdGRyWwUBE&amp;source=gmail&amp;ust=1751656308688000&amp;usg=AOvVaw13RMXZALRVxA_ydgbVEKCE\">aqu\u00ed<\/a>.<\/p>\n","protected":false},"excerpt":{"rendered":"<p>El martes 1\u00b0 de julio, en Sede de la Confederaci\u00f3n Uruguaya de Entidades Cooperativas (Cudecoop) se realiz\u00f3, en el marco del primer Consejo Directivo del mes, la presentaci\u00f3n de la publicaci\u00f3n &#8220;Los cambios y permanencias en las pol\u00edticas p\u00fablicas y la evoluci\u00f3n del empleo en el sector cooperativo uruguayo 2020-2024&#8221; (disponible aqu\u00ed) La apertura estuvo a cargo de Hugo Monta\u00f1o, presidente de Cudecoop, quien destac\u00f3 que esta publicaci\u00f3n presenta aportes muy necesarios para la Confederaci\u00f3n y el movimiento cooperativo. De la presentaci\u00f3n del documento participaron Juan Pablo Mart\u00ed, quien fue adem\u00e1s coordinador acad\u00e9mico de esta publicaci\u00f3n; Brisa de Giacomi y [&#8230;]<\/p>\n","protected":false},"author":27,"featured_media":5182,"comment_status":"open","ping_status":"open","sticky":false,"template":"","format":"standard","meta":{"_acf_changed":false,"ngg_post_thumbnail":0,"footnotes":""},"categories":[7,6,1],"tags":[],"class_list":["post-5180","post","type-post","status-publish","format-standard","has-post-thumbnail","hentry","category-cooperativas","category-institucionales","category-noticias"],"acf":[],"_links":{"self":[{"href":"https:\/\/www.cudecoop.coop\/cudecoop\/wp-json\/wp\/v2\/posts\/5180","targetHints":{"allow":["GET"]}}],"collection":[{"href":"https:\/\/www.cudecoop.coop\/cudecoop\/wp-json\/wp\/v2\/posts"}],"about":[{"href":"https:\/\/www.cudecoop.coop\/cudecoop\/wp-json\/wp\/v2\/types\/post"}],"author":[{"embeddable":true,"href":"https:\/\/www.cudecoop.coop\/cudecoop\/wp-json\/wp\/v2\/users\/27"}],"replies":[{"embeddable":true,"href":"https:\/\/www.cudecoop.coop\/cudecoop\/wp-json\/wp\/v2\/comments?post=5180"}],"version-history":[{"count":2,"href":"https:\/\/www.cudecoop.coop\/cudecoop\/wp-json\/wp\/v2\/posts\/5180\/revisions"}],"predecessor-version":[{"id":5183,"href":"https:\/\/www.cudecoop.coop\/cudecoop\/wp-json\/wp\/v2\/posts\/5180\/revisions\/5183"}],"wp:featuredmedia":[{"embeddable":true,"href":"https:\/\/www.cudecoop.coop\/cudecoop\/wp-json\/wp\/v2\/media\/5182"}],"wp:attachment":[{"href":"https:\/\/www.cudecoop.coop\/cudecoop\/wp-json\/wp\/v2\/media?parent=5180"}],"wp:term":[{"taxonomy":"category","embeddable":true,"href":"https:\/\/www.cudecoop.coop\/cudecoop\/wp-json\/wp\/v2\/categories?post=5180"},{"taxonomy":"post_tag","embeddable":true,"href":"https:\/\/www.cudecoop.coop\/cudecoop\/wp-json\/wp\/v2\/tags?post=5180"}],"curies":[{"name":"wp","href":"https:\/\/api.w.org\/{rel}","templated":true}]}}