{"id":5169,"date":"2025-06-30T16:09:08","date_gmt":"2025-06-30T19:09:08","guid":{"rendered":"https:\/\/www.cudecoop.coop\/cudecoop\/?p=5169"},"modified":"2025-06-30T16:09:08","modified_gmt":"2025-06-30T19:09:08","slug":"presentacion-de-la-publicacion-los-cambios-y-permanencias-en-las-politicas-publicas-y-la-evolucion-del-empleo-en-el-sector-cooperativo-uruguayo-2020-2024","status":"publish","type":"post","link":"https:\/\/www.cudecoop.coop\/cudecoop\/presentacion-de-la-publicacion-los-cambios-y-permanencias-en-las-politicas-publicas-y-la-evolucion-del-empleo-en-el-sector-cooperativo-uruguayo-2020-2024\/","title":{"rendered":"Presentaci\u00f3n de la publicaci\u00f3n Los cambios y permanencias en las pol\u00edticas p\u00fablicas y la evoluci\u00f3n del empleo en el sector cooperativo uruguayo 2020-2024"},"content":{"rendered":"<p>Este martes 1 de julio se realizar\u00e1 la presentaci\u00f3n de la publicaci\u00f3n: Los cambios y permanencias en las pol\u00edticas p\u00fablicas y la evoluci\u00f3n del empleo en el sector cooperativo uruguayo 2020-2024.<\/p>\n<p>De la apertura participar\u00e1n Hugo Monta\u00f1o, presidente de Cudecoop y Pablo Mart\u00ednez, presidente del Instituto Juan Pablo Terra.<\/p>\n<p>La publicaci\u00f3n cuenta con la coordinaci\u00f3n de acad\u00e9mica del Prof. Juan Pablo Mart\u00ed y la redacci\u00f3n de informes de la Lic. Brisa de Giacomi, Arq. Alvaro Moreno, el Lic. Juan Mart\u00edn Fern\u00e1ndez Vallo y el Prof. Juan Pablo Mart\u00ed.<\/p>\n<p>La publicaci\u00f3n es resultado de la investigaci\u00f3n realizada en el marco del proyecto financiado por el Instituto Nacional de Empleo y Formaci\u00f3n Profesional &#8211; Inefop (Literal \u00d1)<\/p>\n<p>La actividad, que comienza a las 17:00 hs., ser\u00e1 transmitida EN VIVO por Youtube \u00a1Acced\u00e9 a <a href=\"https:\/\/www.youtube.com\/@cudecoopconfederacionurugu6335\">nuestro canal<\/a>!<\/p>\n","protected":false},"excerpt":{"rendered":"<p>Este martes 1 de julio se realizar\u00e1 la presentaci\u00f3n de la publicaci\u00f3n: Los cambios y permanencias en las pol\u00edticas p\u00fablicas y la evoluci\u00f3n del empleo en el sector cooperativo uruguayo 2020-2024. De la apertura participar\u00e1n Hugo Monta\u00f1o, presidente de Cudecoop y Pablo Mart\u00ednez, presidente del Instituto Juan Pablo Terra. La publicaci\u00f3n cuenta con la coordinaci\u00f3n de acad\u00e9mica del Prof. Juan Pablo Mart\u00ed y la redacci\u00f3n de informes de la Lic. Brisa de Giacomi, Arq. Alvaro Moreno, el Lic. Juan Mart\u00edn Fern\u00e1ndez Vallo y el Prof. Juan Pablo Mart\u00ed. La publicaci\u00f3n es resultado de la investigaci\u00f3n realizada en el marco del [&#8230;]<\/p>\n","protected":false},"author":27,"featured_media":5170,"comment_status":"open","ping_status":"open","sticky":false,"template":"","format":"standard","meta":{"_acf_changed":false,"ngg_post_thumbnail":0,"footnotes":""},"categories":[7,6,1],"tags":[],"class_list":["post-5169","post","type-post","status-publish","format-standard","has-post-thumbnail","hentry","category-cooperativas","category-institucionales","category-noticias"],"acf":[],"_links":{"self":[{"href":"https:\/\/www.cudecoop.coop\/cudecoop\/wp-json\/wp\/v2\/posts\/5169","targetHints":{"allow":["GET"]}}],"collection":[{"href":"https:\/\/www.cudecoop.coop\/cudecoop\/wp-json\/wp\/v2\/posts"}],"about":[{"href":"https:\/\/www.cudecoop.coop\/cudecoop\/wp-json\/wp\/v2\/types\/post"}],"author":[{"embeddable":true,"href":"https:\/\/www.cudecoop.coop\/cudecoop\/wp-json\/wp\/v2\/users\/27"}],"replies":[{"embeddable":true,"href":"https:\/\/www.cudecoop.coop\/cudecoop\/wp-json\/wp\/v2\/comments?post=5169"}],"version-history":[{"count":1,"href":"https:\/\/www.cudecoop.coop\/cudecoop\/wp-json\/wp\/v2\/posts\/5169\/revisions"}],"predecessor-version":[{"id":5171,"href":"https:\/\/www.cudecoop.coop\/cudecoop\/wp-json\/wp\/v2\/posts\/5169\/revisions\/5171"}],"wp:featuredmedia":[{"embeddable":true,"href":"https:\/\/www.cudecoop.coop\/cudecoop\/wp-json\/wp\/v2\/media\/5170"}],"wp:attachment":[{"href":"https:\/\/www.cudecoop.coop\/cudecoop\/wp-json\/wp\/v2\/media?parent=5169"}],"wp:term":[{"taxonomy":"category","embeddable":true,"href":"https:\/\/www.cudecoop.coop\/cudecoop\/wp-json\/wp\/v2\/categories?post=5169"},{"taxonomy":"post_tag","embeddable":true,"href":"https:\/\/www.cudecoop.coop\/cudecoop\/wp-json\/wp\/v2\/tags?post=5169"}],"curies":[{"name":"wp","href":"https:\/\/api.w.org\/{rel}","templated":true}]}}