{"id":5166,"date":"2025-06-30T16:19:17","date_gmt":"2025-06-30T19:19:17","guid":{"rendered":"https:\/\/www.cudecoop.coop\/cudecoop\/?p=5166"},"modified":"2025-06-30T16:19:27","modified_gmt":"2025-06-30T19:19:27","slug":"se-realizo-una-nueva-asamblea-general-ordinaria-de-cudecoop","status":"publish","type":"post","link":"https:\/\/www.cudecoop.coop\/cudecoop\/se-realizo-una-nueva-asamblea-general-ordinaria-de-cudecoop\/","title":{"rendered":"Se realiz\u00f3 una nueva Asamblea General Ordinaria de Cudecoop"},"content":{"rendered":"<p>El martes 24 de junio, en la sede de la Confederaci\u00f3n Uruguaya de Entidades Cooperativas (Cudecoop), se realiz\u00f3 una nueva Asamblea General Ordinaria, convocada por integrantes del Consejo Directivo.&nbsp;<\/p>\n<p>Los temas tratados fueron:<\/p>\n<p>1. Informe de la Comisi\u00f3n Fiscal<br \/>\n2. Memoria Anual Ejercicio 2024<br \/>\n3. Estados Contables Ejercicio 2024<br \/>\n4. Distribuci\u00f3n de excedentes o financiaci\u00f3n de p\u00e9rdidas<br \/>\n5. Fijaci\u00f3n de pol\u00edticas y planes para el nuevo ejercicio.<\/p>\n","protected":false},"excerpt":{"rendered":"<p>El martes 24 de junio, en la sede de la Confederaci\u00f3n Uruguaya de Entidades Cooperativas (Cudecoop), se realiz\u00f3 una nueva Asamblea General Ordinaria, convocada por integrantes del Consejo Directivo.&nbsp; Los temas tratados fueron: 1. Informe de la Comisi\u00f3n Fiscal<br \/> 2. Memoria Anual Ejercicio 2024<br \/> 3. Estados Contables Ejercicio 2024<br \/> 4. Distribuci\u00f3n de excedentes o financiaci\u00f3n de p\u00e9rdidas<br \/> 5. Fijaci\u00f3n de pol\u00edticas y planes para el nuevo [&#8230;]<\/p>\n","protected":false},"author":27,"featured_media":5167,"comment_status":"open","ping_status":"open","sticky":false,"template":"","format":"standard","meta":{"_acf_changed":false,"ngg_post_thumbnail":0,"footnotes":""},"categories":[7,6,1],"tags":[],"class_list":["post-5166","post","type-post","status-publish","format-standard","has-post-thumbnail","hentry","category-cooperativas","category-institucionales","category-noticias"],"acf":[],"_links":{"self":[{"href":"https:\/\/www.cudecoop.coop\/cudecoop\/wp-json\/wp\/v2\/posts\/5166","targetHints":{"allow":["GET"]}}],"collection":[{"href":"https:\/\/www.cudecoop.coop\/cudecoop\/wp-json\/wp\/v2\/posts"}],"about":[{"href":"https:\/\/www.cudecoop.coop\/cudecoop\/wp-json\/wp\/v2\/types\/post"}],"author":[{"embeddable":true,"href":"https:\/\/www.cudecoop.coop\/cudecoop\/wp-json\/wp\/v2\/users\/27"}],"replies":[{"embeddable":true,"href":"https:\/\/www.cudecoop.coop\/cudecoop\/wp-json\/wp\/v2\/comments?post=5166"}],"version-history":[{"count":1,"href":"https:\/\/www.cudecoop.coop\/cudecoop\/wp-json\/wp\/v2\/posts\/5166\/revisions"}],"predecessor-version":[{"id":5172,"href":"https:\/\/www.cudecoop.coop\/cudecoop\/wp-json\/wp\/v2\/posts\/5166\/revisions\/5172"}],"wp:featuredmedia":[{"embeddable":true,"href":"https:\/\/www.cudecoop.coop\/cudecoop\/wp-json\/wp\/v2\/media\/5167"}],"wp:attachment":[{"href":"https:\/\/www.cudecoop.coop\/cudecoop\/wp-json\/wp\/v2\/media?parent=5166"}],"wp:term":[{"taxonomy":"category","embeddable":true,"href":"https:\/\/www.cudecoop.coop\/cudecoop\/wp-json\/wp\/v2\/categories?post=5166"},{"taxonomy":"post_tag","embeddable":true,"href":"https:\/\/www.cudecoop.coop\/cudecoop\/wp-json\/wp\/v2\/tags?post=5166"}],"curies":[{"name":"wp","href":"https:\/\/api.w.org\/{rel}","templated":true}]}}