{"id":5160,"date":"2025-06-27T11:55:14","date_gmt":"2025-06-27T14:55:14","guid":{"rendered":"https:\/\/www.cudecoop.coop\/cudecoop\/?p=5160"},"modified":"2025-06-27T11:56:11","modified_gmt":"2025-06-27T14:56:11","slug":"llamado-a-coordinador-a-ejecutivo-a-para-cudecoop","status":"publish","type":"post","link":"https:\/\/www.cudecoop.coop\/cudecoop\/llamado-a-coordinador-a-ejecutivo-a-para-cudecoop\/","title":{"rendered":"Llamado a Coordinador\/a Ejecutivo\/a para Cudecoop"},"content":{"rendered":"<p>Convocamos a aspirantes a postularse al llamado a ocupar el cargo de Coordinador\/a Ejecutivo\/a para Cudecoop<\/p>\n<p>Las postulaciones ser\u00e1n recibidas por correo electr\u00f3nico a trav\u00e9s de <span style=\"font-size: 1rem;\">cudecoop@cudecoop.coop, con el asunto \u201cCOORDINADOR\/A EJECUTIVO\/A\u201d.<\/span><\/p>\n<p>El plazo para enviar las postulaciones vence el 28 de julio a las 12:00 hs<\/p>\n<p>Ver aqu\u00ed <a href=\"http:\/\/www.cudecoop.coop\/cudecoop\/wp-content\/uploads\/2025\/06\/Terminos-de-Referencia.pdf\">T\u00e9rminos de Referencia.<\/a><\/p>\n","protected":false},"excerpt":{"rendered":"<p>Convocamos a aspirantes a postularse al llamado a ocupar el cargo de Coordinador\/a Ejecutivo\/a para Cudecoop Las postulaciones ser\u00e1n recibidas por correo electr\u00f3nico a trav\u00e9s de cudecoop@cudecoop.coop, con el asunto \u201cCOORDINADOR\/A EJECUTIVO\/A\u201d. El plazo para enviar las postulaciones vence el 28 de julio a las 12:00 hs Ver aqu\u00ed T\u00e9rminos de [&#8230;]<\/p>\n","protected":false},"author":27,"featured_media":5165,"comment_status":"open","ping_status":"open","sticky":false,"template":"","format":"standard","meta":{"_acf_changed":false,"ngg_post_thumbnail":0,"footnotes":""},"categories":[7,6,1],"tags":[],"class_list":["post-5160","post","type-post","status-publish","format-standard","has-post-thumbnail","hentry","category-cooperativas","category-institucionales","category-noticias"],"acf":[],"_links":{"self":[{"href":"https:\/\/www.cudecoop.coop\/cudecoop\/wp-json\/wp\/v2\/posts\/5160","targetHints":{"allow":["GET"]}}],"collection":[{"href":"https:\/\/www.cudecoop.coop\/cudecoop\/wp-json\/wp\/v2\/posts"}],"about":[{"href":"https:\/\/www.cudecoop.coop\/cudecoop\/wp-json\/wp\/v2\/types\/post"}],"author":[{"embeddable":true,"href":"https:\/\/www.cudecoop.coop\/cudecoop\/wp-json\/wp\/v2\/users\/27"}],"replies":[{"embeddable":true,"href":"https:\/\/www.cudecoop.coop\/cudecoop\/wp-json\/wp\/v2\/comments?post=5160"}],"version-history":[{"count":1,"href":"https:\/\/www.cudecoop.coop\/cudecoop\/wp-json\/wp\/v2\/posts\/5160\/revisions"}],"predecessor-version":[{"id":5163,"href":"https:\/\/www.cudecoop.coop\/cudecoop\/wp-json\/wp\/v2\/posts\/5160\/revisions\/5163"}],"wp:featuredmedia":[{"embeddable":true,"href":"https:\/\/www.cudecoop.coop\/cudecoop\/wp-json\/wp\/v2\/media\/5165"}],"wp:attachment":[{"href":"https:\/\/www.cudecoop.coop\/cudecoop\/wp-json\/wp\/v2\/media?parent=5160"}],"wp:term":[{"taxonomy":"category","embeddable":true,"href":"https:\/\/www.cudecoop.coop\/cudecoop\/wp-json\/wp\/v2\/categories?post=5160"},{"taxonomy":"post_tag","embeddable":true,"href":"https:\/\/www.cudecoop.coop\/cudecoop\/wp-json\/wp\/v2\/tags?post=5160"}],"curies":[{"name":"wp","href":"https:\/\/api.w.org\/{rel}","templated":true}]}}