{"id":5154,"date":"2025-06-24T17:36:17","date_gmt":"2025-06-24T20:36:17","guid":{"rendered":"https:\/\/www.cudecoop.coop\/cudecoop\/?p=5154"},"modified":"2025-07-16T13:02:18","modified_gmt":"2025-07-16T16:02:18","slug":"dia-internacional-de-las-cooperativas-2025","status":"publish","type":"post","link":"https:\/\/www.cudecoop.coop\/cudecoop\/dia-internacional-de-las-cooperativas-2025\/","title":{"rendered":"D\u00eda Internacional de las Cooperativas 2025"},"content":{"rendered":"<p><b>Nos preparamos para el 6to Encuentro Nacional de Cooperativas&nbsp; <\/b>e invitamos, con motivo de celebrar el D\u00eda Internacional de las Cooperativas, al Encuentro Regional que se realizar\u00e1 en San Jos\u00e9 de Mayo, Capital Nacional del Cooperativismo 2025.&nbsp;<\/p>\n<div>\n<div>En esta jornada, preparatoria del Encuentro Nacional de Cooperativas, trabajaremos sobre los ejes tem\u00e1ticos que estructurar\u00e1n los debates, talleres y plenarios del Encuentro:<\/div>\n<div>&#8211; El impacto del cooperativismo en la econom\u00eda y la sociedad uruguaya<\/div>\n<div>&#8211; La identidad cooperativa como base para la acci\u00f3n gremial y pol\u00edtica<\/div>\n<div>&#8211; La innovaci\u00f3n como motor de desarrollo para el cooperativismo<\/div>\n<div>&nbsp;<\/div>\n<\/div>\n<div>Por su parte, la Organizaci\u00f3n de las Naciones Unidas para la Alimentaci\u00f3n y la Agricultura (FAO), realizar\u00e1 el panel: &#8220;Las cooperativas y la transformaci\u00f3n del sistema agroalimentario en Uruguay&#8221;.<\/div>\n<div>&nbsp;<\/div>\n<div>Participar\u00e1n Hugo Monta\u00f1o, presidente de la Confederaci\u00f3n Uruguaya de Entidades Cooperativas (Cudecoop), Graciela Fern\u00e1ndez, presidenta del Instituto Nacional del Cooperativismo (Inacoop), autoridades Nacionales y Departamentales y representantes de las organizaciones cooperativas.<\/div>\n<div>\n<div>&nbsp;<\/div>\n<div>Convocamos a cooperativistas de&nbsp;San Jos\u00e9, Colonia, Durazno, Flores, Florida, Montevideo y&nbsp;Canelones&nbsp;a participar.&nbsp;<\/div>\n<div>&nbsp;<\/div>\n<\/div>\n<div>\n<div>\ud83d\uddd3\ufe0f S\u00e1bado 5 de julio<br \/>\n\u23f0 8:00 a 14:00 hs.<\/div>\n<div>\ud83d\udccd Instituto de Alta Especializaci\u00f3n &#8220;Jos\u00e9 F. Arias&#8221; (IAE) &#8211; Soriano y Massini<\/div>\n<div>\ud83d\udcf2 Inscripciones <a href=\"https:\/\/forms.gle\/6QFQx8RTYZJTgozH8\">aqu\u00ed<\/a><br \/>\n\ud83d\udd0e Conoc\u00e9 m\u00e1s en la <a href=\"https:\/\/cudecoop.coop\/6toencuentro\/\">web del Encuentro&nbsp;<\/a><\/div>\n<\/div>\n<div>\n<div>\n<div>&nbsp;<\/div>\n<\/div>\n<\/div>\n","protected":false},"excerpt":{"rendered":"<p>Nos preparamos para el 6to Encuentro Nacional de Cooperativas&nbsp; e invitamos, con motivo de celebrar el D\u00eda Internacional de las Cooperativas, al Encuentro Regional que se realizar\u00e1 en San Jos\u00e9 de Mayo, Capital Nacional del Cooperativismo 2025.&nbsp; En esta jornada, preparatoria del Encuentro Nacional de Cooperativas, trabajaremos sobre los ejes tem\u00e1ticos que estructurar\u00e1n los debates, talleres y plenarios del Encuentro: &#8211; El impacto del cooperativismo en la econom\u00eda y la sociedad uruguaya &#8211; La identidad cooperativa como base para la acci\u00f3n gremial y pol\u00edtica &#8211; La innovaci\u00f3n como motor de desarrollo para el cooperativismo &nbsp; Por su parte, la Organizaci\u00f3n [&#8230;]<\/p>\n","protected":false},"author":27,"featured_media":5157,"comment_status":"open","ping_status":"open","sticky":false,"template":"","format":"standard","meta":{"_acf_changed":false,"ngg_post_thumbnail":0,"footnotes":""},"categories":[7,6,1],"tags":[],"class_list":["post-5154","post","type-post","status-publish","format-standard","has-post-thumbnail","hentry","category-cooperativas","category-institucionales","category-noticias"],"acf":[],"_links":{"self":[{"href":"https:\/\/www.cudecoop.coop\/cudecoop\/wp-json\/wp\/v2\/posts\/5154","targetHints":{"allow":["GET"]}}],"collection":[{"href":"https:\/\/www.cudecoop.coop\/cudecoop\/wp-json\/wp\/v2\/posts"}],"about":[{"href":"https:\/\/www.cudecoop.coop\/cudecoop\/wp-json\/wp\/v2\/types\/post"}],"author":[{"embeddable":true,"href":"https:\/\/www.cudecoop.coop\/cudecoop\/wp-json\/wp\/v2\/users\/27"}],"replies":[{"embeddable":true,"href":"https:\/\/www.cudecoop.coop\/cudecoop\/wp-json\/wp\/v2\/comments?post=5154"}],"version-history":[{"count":1,"href":"https:\/\/www.cudecoop.coop\/cudecoop\/wp-json\/wp\/v2\/posts\/5154\/revisions"}],"predecessor-version":[{"id":5155,"href":"https:\/\/www.cudecoop.coop\/cudecoop\/wp-json\/wp\/v2\/posts\/5154\/revisions\/5155"}],"wp:featuredmedia":[{"embeddable":true,"href":"https:\/\/www.cudecoop.coop\/cudecoop\/wp-json\/wp\/v2\/media\/5157"}],"wp:attachment":[{"href":"https:\/\/www.cudecoop.coop\/cudecoop\/wp-json\/wp\/v2\/media?parent=5154"}],"wp:term":[{"taxonomy":"category","embeddable":true,"href":"https:\/\/www.cudecoop.coop\/cudecoop\/wp-json\/wp\/v2\/categories?post=5154"},{"taxonomy":"post_tag","embeddable":true,"href":"https:\/\/www.cudecoop.coop\/cudecoop\/wp-json\/wp\/v2\/tags?post=5154"}],"curies":[{"name":"wp","href":"https:\/\/api.w.org\/{rel}","templated":true}]}}