{"id":5148,"date":"2025-06-23T13:33:01","date_gmt":"2025-06-23T16:33:01","guid":{"rendered":"https:\/\/www.cudecoop.coop\/cudecoop\/?p=5148"},"modified":"2025-06-23T13:34:23","modified_gmt":"2025-06-23T16:34:23","slug":"participamos-del-primer-encuentro-regional-de-cooperativas-sociales","status":"publish","type":"post","link":"https:\/\/www.cudecoop.coop\/cudecoop\/participamos-del-primer-encuentro-regional-de-cooperativas-sociales\/","title":{"rendered":"Cooperativas sociales: una apuesta al trabajo digno y al desarrollo comunitario"},"content":{"rendered":"<p data-start=\"161\" data-end=\"266\"><strong data-start=\"161\" data-end=\"266\">Encuentro Regional de Cooperativas Sociales: una apuesta al trabajo digno y al desarrollo comunitario<\/strong><\/p>\n<p data-start=\"268\" data-end=\"451\">El martes 17 de junio se realiz\u00f3, en la Torre de las Comunicaciones de Antel, el Encuentro Regional de Cooperativas Sociales organizado por el Ministerio de Desarrollo Social (MIDES).<\/p>\n<p data-start=\"453\" data-end=\"761\">En la mesa de apertura participaron: el presidente de la Confederaci\u00f3n Uruguaya de Entidades Cooperativas (Cudecoop), Hugo Monta\u00f1o; la presidenta del Instituto Nacional del Cooperativismo (Inacoop), Graciela Fern\u00e1ndez, junto a la directora Marisol Fuentes; y el ministro de Desarrollo Social, Gonzalo Civila.<\/p>\n<p data-start=\"763\" data-end=\"1414\">En su intervenci\u00f3n, Monta\u00f1o remarc\u00f3 que <em data-start=\"803\" data-end=\"1051\">\u201cCudecoop siente a las cooperativas sociales como una parte fundamental de su presencia en el territorio. Las cooperativas sociales mejoran la calidad de vida de sus integrantes y de la sociedad en la que se desarrollan, aportando con su trabajo\u201d<\/em>. Y agreg\u00f3: <em data-start=\"1063\" data-end=\"1413\">\u201cEl cooperativismo ha atendido y aplica permanentemente el enfrentar los problemas y buscar soluciones desde la construcci\u00f3n colectiva. Confiamos en que esa construcci\u00f3n colectiva, en este a\u00f1o tan especial, con el apoyo de instituciones como Inacoop y el Mides, redundar\u00e1 en un avance del desarrollo y la participaci\u00f3n de las cooperativas sociales\u201d<\/em>.<\/p>\n<p data-start=\"1416\" data-end=\"1919\">Durante la jornada, representantes de cooperativas de Montevideo, Canelones y San Jos\u00e9 compartieron sus experiencias, poniendo en valor el rol estrat\u00e9gico que estas organizaciones cumplen en la vida comunitaria, a trav\u00e9s de servicios esenciales en hospitales, policl\u00ednicas, escuelas, espacios verdes y centros barriales. All\u00ed donde hay una necesidad comunitaria, muchas veces es una cooperativa social la que sostiene, con compromiso y profesionalismo, los servicios que mejoran la vida de las personas.<\/p>\n<p data-start=\"1921\" data-end=\"2453\">Fortalecer a las cooperativas sociales significa potenciar el trabajo digno, la inclusi\u00f3n y el derecho a vivir en comunidad. Implica acompa\u00f1ar con calidad a las personas en su trayectoria educativa y laboral, y garantizar que los servicios que brindan sean reconocidos por su valor social y profesional. Como sociedad, compartimos espacios cuidados y con servicios de calidad gracias a estas cooperativas. Por eso, desde el movimiento cooperativo, se apoya el sostenimiento de convenios con relaciones contractuales justas y dignas.<\/p>\n<p data-start=\"2455\" data-end=\"2747\">Al cierre, se desarroll\u00f3 una Mesa de intercambio con autoridades contratantes de cooperativas sociales, entre ellas ASSE, ANEP, el Municipio D y UTE, reafirmando la importancia de seguir consolidando v\u00ednculos institucionales que fortalezcan este modelo de trabajo cooperativo y transformador.<\/p>\n","protected":false},"excerpt":{"rendered":"<p>Encuentro Regional de Cooperativas Sociales: una apuesta al trabajo digno y al desarrollo comunitario El martes 17 de junio se realiz\u00f3, en la Torre de las Comunicaciones de Antel, el Encuentro Regional de Cooperativas Sociales organizado por el Ministerio de Desarrollo Social (MIDES). En la mesa de apertura participaron: el presidente de la Confederaci\u00f3n Uruguaya de Entidades Cooperativas (Cudecoop), Hugo Monta\u00f1o; la presidenta del Instituto Nacional del Cooperativismo (Inacoop), Graciela Fern\u00e1ndez, junto a la directora Marisol Fuentes; y el ministro de Desarrollo Social, Gonzalo Civila. En su intervenci\u00f3n, Monta\u00f1o remarc\u00f3 que \u201cCudecoop siente a las cooperativas sociales como una parte [&#8230;]<\/p>\n","protected":false},"author":27,"featured_media":5149,"comment_status":"open","ping_status":"open","sticky":false,"template":"","format":"standard","meta":{"_acf_changed":false,"ngg_post_thumbnail":0,"footnotes":""},"categories":[7,6,1],"tags":[],"class_list":["post-5148","post","type-post","status-publish","format-standard","has-post-thumbnail","hentry","category-cooperativas","category-institucionales","category-noticias"],"acf":[],"_links":{"self":[{"href":"https:\/\/www.cudecoop.coop\/cudecoop\/wp-json\/wp\/v2\/posts\/5148","targetHints":{"allow":["GET"]}}],"collection":[{"href":"https:\/\/www.cudecoop.coop\/cudecoop\/wp-json\/wp\/v2\/posts"}],"about":[{"href":"https:\/\/www.cudecoop.coop\/cudecoop\/wp-json\/wp\/v2\/types\/post"}],"author":[{"embeddable":true,"href":"https:\/\/www.cudecoop.coop\/cudecoop\/wp-json\/wp\/v2\/users\/27"}],"replies":[{"embeddable":true,"href":"https:\/\/www.cudecoop.coop\/cudecoop\/wp-json\/wp\/v2\/comments?post=5148"}],"version-history":[{"count":4,"href":"https:\/\/www.cudecoop.coop\/cudecoop\/wp-json\/wp\/v2\/posts\/5148\/revisions"}],"predecessor-version":[{"id":5153,"href":"https:\/\/www.cudecoop.coop\/cudecoop\/wp-json\/wp\/v2\/posts\/5148\/revisions\/5153"}],"wp:featuredmedia":[{"embeddable":true,"href":"https:\/\/www.cudecoop.coop\/cudecoop\/wp-json\/wp\/v2\/media\/5149"}],"wp:attachment":[{"href":"https:\/\/www.cudecoop.coop\/cudecoop\/wp-json\/wp\/v2\/media?parent=5148"}],"wp:term":[{"taxonomy":"category","embeddable":true,"href":"https:\/\/www.cudecoop.coop\/cudecoop\/wp-json\/wp\/v2\/categories?post=5148"},{"taxonomy":"post_tag","embeddable":true,"href":"https:\/\/www.cudecoop.coop\/cudecoop\/wp-json\/wp\/v2\/tags?post=5148"}],"curies":[{"name":"wp","href":"https:\/\/api.w.org\/{rel}","templated":true}]}}