{"id":5133,"date":"2025-06-20T15:59:47","date_gmt":"2025-06-20T18:59:47","guid":{"rendered":"https:\/\/www.cudecoop.coop\/cudecoop\/?p=5133"},"modified":"2025-06-20T18:49:26","modified_gmt":"2025-06-20T21:49:26","slug":"llamado-a-responsable-de-comunicacion-de-cudecoop","status":"publish","type":"post","link":"https:\/\/www.cudecoop.coop\/cudecoop\/llamado-a-responsable-de-comunicacion-de-cudecoop\/","title":{"rendered":"Llamado a Responsable de Comunicaci\u00f3n de Cudecoop"},"content":{"rendered":"<hr>\n<p>Objetivo del llamado<br \/>\nSeleccionar a una persona responsable del \u00c1rea de Comunicaci\u00f3n que implemente la pol\u00edtica institucional de comunicaci\u00f3n de CUDECOOP y ejecute el Plan de Comunicaci\u00f3n Estrat\u00e9gico 2025.<\/p>\n<p>&nbsp;<\/p>\n<p>Las postulaciones del llamado ser\u00e1n recibidas por correo electr\u00f3nico a trav\u00e9s de proregio@cudecoop.coop, con el asunto \u201cRESPONSABLE DE COMUNICACION\u201d.<br \/>\nEl plazo para enviar las postulaciones vence el viernes 4 de julio a las 23:59 hs.<\/p>\n<p><a href=\"http:\/\/www.cudecoop.coop\/cudecoop\/wp-content\/uploads\/2025\/06\/TDR-Responsable-de-Comunicacion.pdf\">TDR Responsable de Comunicaci\u00f3n<\/a><\/p>\n","protected":false},"excerpt":{"rendered":"<p>Objetivo del llamado<br \/> Seleccionar a una persona responsable del \u00c1rea de Comunicaci\u00f3n que implemente la pol\u00edtica institucional de comunicaci\u00f3n de CUDECOOP y ejecute el Plan de Comunicaci\u00f3n Estrat\u00e9gico 2025. &nbsp; Las postulaciones del llamado ser\u00e1n recibidas por correo electr\u00f3nico a trav\u00e9s de proregio@cudecoop.coop, con el asunto \u201cRESPONSABLE DE COMUNICACION\u201d.<br \/> El plazo para enviar las postulaciones vence el viernes 4 de julio a las 23:59 hs. TDR Responsable de [&#8230;]<\/p>\n","protected":false},"author":27,"featured_media":5145,"comment_status":"open","ping_status":"open","sticky":false,"template":"","format":"standard","meta":{"_acf_changed":false,"ngg_post_thumbnail":0,"footnotes":""},"categories":[7,6,1],"tags":[],"class_list":["post-5133","post","type-post","status-publish","format-standard","has-post-thumbnail","hentry","category-cooperativas","category-institucionales","category-noticias"],"acf":[],"_links":{"self":[{"href":"https:\/\/www.cudecoop.coop\/cudecoop\/wp-json\/wp\/v2\/posts\/5133","targetHints":{"allow":["GET"]}}],"collection":[{"href":"https:\/\/www.cudecoop.coop\/cudecoop\/wp-json\/wp\/v2\/posts"}],"about":[{"href":"https:\/\/www.cudecoop.coop\/cudecoop\/wp-json\/wp\/v2\/types\/post"}],"author":[{"embeddable":true,"href":"https:\/\/www.cudecoop.coop\/cudecoop\/wp-json\/wp\/v2\/users\/27"}],"replies":[{"embeddable":true,"href":"https:\/\/www.cudecoop.coop\/cudecoop\/wp-json\/wp\/v2\/comments?post=5133"}],"version-history":[{"count":4,"href":"https:\/\/www.cudecoop.coop\/cudecoop\/wp-json\/wp\/v2\/posts\/5133\/revisions"}],"predecessor-version":[{"id":5147,"href":"https:\/\/www.cudecoop.coop\/cudecoop\/wp-json\/wp\/v2\/posts\/5133\/revisions\/5147"}],"wp:featuredmedia":[{"embeddable":true,"href":"https:\/\/www.cudecoop.coop\/cudecoop\/wp-json\/wp\/v2\/media\/5145"}],"wp:attachment":[{"href":"https:\/\/www.cudecoop.coop\/cudecoop\/wp-json\/wp\/v2\/media?parent=5133"}],"wp:term":[{"taxonomy":"category","embeddable":true,"href":"https:\/\/www.cudecoop.coop\/cudecoop\/wp-json\/wp\/v2\/categories?post=5133"},{"taxonomy":"post_tag","embeddable":true,"href":"https:\/\/www.cudecoop.coop\/cudecoop\/wp-json\/wp\/v2\/tags?post=5133"}],"curies":[{"name":"wp","href":"https:\/\/api.w.org\/{rel}","templated":true}]}}