{"id":5130,"date":"2025-06-20T15:56:11","date_gmt":"2025-06-20T18:56:11","guid":{"rendered":"https:\/\/www.cudecoop.coop\/cudecoop\/?p=5130"},"modified":"2025-06-20T18:48:04","modified_gmt":"2025-06-20T21:48:04","slug":"llamado-a-responsable-de-formacion-de-cudecoop","status":"publish","type":"post","link":"https:\/\/www.cudecoop.coop\/cudecoop\/llamado-a-responsable-de-formacion-de-cudecoop\/","title":{"rendered":"Llamado a Responsable de Formaci\u00f3n de Cudecoop"},"content":{"rendered":"<p>&nbsp;<\/p>\n<p>TERMINOS DE REFERENCIA CONTRATACI\u00d3N DE: RESPONSABLE DE FORMACI\u00d3N<\/p>\n<p>1. OBJETO DEL LLAMADO<br \/>\nContratar a la persona responsable de los servicios educativos, de asistencia t\u00e9cnica e investigaci\u00f3n de Cudecoop a trav\u00e9s de l\u00edneas de trabajo orientadas a la educaci\u00f3n cooperativa, as\u00ed como la promoci\u00f3n y desarrollo de nuevas iniciativas integradoras, proyectos y programas innovadores, tanto a nivel interno de Cudecoop y el movimiento cooperativo como con el Estado, organismos de la Educaci\u00f3n y otras organizaciones.<\/p>\n<p>&nbsp;<\/p>\n<p>Las postulaciones del llamado ser\u00e1n recibidas por correo electr\u00f3nico a trav\u00e9s de proregio@cudecoop.coop, con el asunto \u201cRESPONSABLE DE FORMACI\u00d3N\u201d.<br \/>\nEl plazo para enviar las postulaciones vence el lunes 7 de julio a las 23:59 hs.<\/p>\n<p><a href=\"http:\/\/www.cudecoop.coop\/cudecoop\/wp-content\/uploads\/2025\/06\/TDR-Responsable-de-Formacion.pdf\">TDR Responsable de Formaci\u00f3n<\/a><\/p>\n","protected":false},"excerpt":{"rendered":"<p>&nbsp; TERMINOS DE REFERENCIA CONTRATACI\u00d3N DE: RESPONSABLE DE FORMACI\u00d3N 1. OBJETO DEL LLAMADO<br \/> Contratar a la persona responsable de los servicios educativos, de asistencia t\u00e9cnica e investigaci\u00f3n de Cudecoop a trav\u00e9s de l\u00edneas de trabajo orientadas a la educaci\u00f3n cooperativa, as\u00ed como la promoci\u00f3n y desarrollo de nuevas iniciativas integradoras, proyectos y programas innovadores, tanto a nivel interno de Cudecoop y el movimiento cooperativo como con el Estado, organismos de la Educaci\u00f3n y otras organizaciones. &nbsp; Las postulaciones del llamado ser\u00e1n recibidas por correo electr\u00f3nico a trav\u00e9s de proregio@cudecoop.coop, con el asunto \u201cRESPONSABLE DE FORMACI\u00d3N\u201d.<br \/> El plazo para [&#8230;]<\/p>\n","protected":false},"author":27,"featured_media":5142,"comment_status":"open","ping_status":"open","sticky":false,"template":"","format":"standard","meta":{"_acf_changed":false,"ngg_post_thumbnail":0,"footnotes":""},"categories":[7,6],"tags":[],"class_list":["post-5130","post","type-post","status-publish","format-standard","has-post-thumbnail","hentry","category-cooperativas","category-institucionales"],"acf":[],"_links":{"self":[{"href":"https:\/\/www.cudecoop.coop\/cudecoop\/wp-json\/wp\/v2\/posts\/5130","targetHints":{"allow":["GET"]}}],"collection":[{"href":"https:\/\/www.cudecoop.coop\/cudecoop\/wp-json\/wp\/v2\/posts"}],"about":[{"href":"https:\/\/www.cudecoop.coop\/cudecoop\/wp-json\/wp\/v2\/types\/post"}],"author":[{"embeddable":true,"href":"https:\/\/www.cudecoop.coop\/cudecoop\/wp-json\/wp\/v2\/users\/27"}],"replies":[{"embeddable":true,"href":"https:\/\/www.cudecoop.coop\/cudecoop\/wp-json\/wp\/v2\/comments?post=5130"}],"version-history":[{"count":4,"href":"https:\/\/www.cudecoop.coop\/cudecoop\/wp-json\/wp\/v2\/posts\/5130\/revisions"}],"predecessor-version":[{"id":5143,"href":"https:\/\/www.cudecoop.coop\/cudecoop\/wp-json\/wp\/v2\/posts\/5130\/revisions\/5143"}],"wp:featuredmedia":[{"embeddable":true,"href":"https:\/\/www.cudecoop.coop\/cudecoop\/wp-json\/wp\/v2\/media\/5142"}],"wp:attachment":[{"href":"https:\/\/www.cudecoop.coop\/cudecoop\/wp-json\/wp\/v2\/media?parent=5130"}],"wp:term":[{"taxonomy":"category","embeddable":true,"href":"https:\/\/www.cudecoop.coop\/cudecoop\/wp-json\/wp\/v2\/categories?post=5130"},{"taxonomy":"post_tag","embeddable":true,"href":"https:\/\/www.cudecoop.coop\/cudecoop\/wp-json\/wp\/v2\/tags?post=5130"}],"curies":[{"name":"wp","href":"https:\/\/api.w.org\/{rel}","templated":true}]}}