{"id":5110,"date":"2025-06-06T15:15:56","date_gmt":"2025-06-06T18:15:56","guid":{"rendered":"https:\/\/www.cudecoop.coop\/cudecoop\/?p=5110"},"modified":"2025-08-05T19:21:03","modified_gmt":"2025-08-05T22:21:03","slug":"llamado-asamblea-general-ordinaria-2025","status":"publish","type":"post","link":"https:\/\/www.cudecoop.coop\/cudecoop\/llamado-asamblea-general-ordinaria-2025\/","title":{"rendered":"LLAMADO ASAMBLEA GENERAL ORDINARIA JUNIO 2025"},"content":{"rendered":"<p>El Consejo Directivo de la Confederaci\u00f3n Uruguaya de Entidades Cooperativas, cumpliendo con los art\u00edculos 27 y 29 de sus estatutos, convoca a sus asociados a la Asamblea General Ordinaria a realizarse el d\u00eda 24 de junio de 2025 en la Sede de CUDECOOP ubicada en Av. 18 de Julio 948<br \/>\noficina 502, Montevideo, en car\u00e1cter exclusivamente presencial.<\/p>\n<p>Orden del D\u00eda:<br \/>\n1. Informe de la Comisi\u00f3n Fiscal<br \/>\n2. Memoria Anual Ejercicio 2024<br \/>\n3. Estados Contables Ejercicio 2024<br \/>\n4. Distribuci\u00f3n de excedentes o financiaci\u00f3n de p\u00e9rdidas<br \/>\n5. Fijaci\u00f3n de pol\u00edticas y planes para el nuevo ejercicio<\/p>\n<p>1\u00aa Convocatoria \u2013 hora 16:00<br \/>\n2\u00aa Convocatoria \u2013 hora 17:00<\/p>\n<p><a href=\"http:\/\/www.cudecoop.coop\/cudecoop\/wp-content\/uploads\/2025\/06\/Documento-disponible-aqui.pdf\">Documento disponible aqu\u00ed<\/a><\/p>\n","protected":false},"excerpt":{"rendered":"<p>El Consejo Directivo de la Confederaci\u00f3n Uruguaya de Entidades Cooperativas, cumpliendo con los art\u00edculos 27 y 29 de sus estatutos, convoca a sus asociados a la Asamblea General Ordinaria a realizarse el d\u00eda 24 de junio de 2025 en la Sede de CUDECOOP ubicada en Av. 18 de Julio 948<br \/> oficina 502, Montevideo, en car\u00e1cter exclusivamente presencial. Orden del D\u00eda:<br \/> 1. Informe de la Comisi\u00f3n Fiscal<br \/> 2. Memoria Anual Ejercicio 2024<br \/> 3. Estados Contables Ejercicio 2024<br \/> 4. Distribuci\u00f3n de excedentes o financiaci\u00f3n de p\u00e9rdidas<br \/> 5. Fijaci\u00f3n de pol\u00edticas y planes para el nuevo ejercicio [&#8230;]<\/p>\n","protected":false},"author":27,"featured_media":5222,"comment_status":"open","ping_status":"open","sticky":false,"template":"","format":"standard","meta":{"_acf_changed":false,"ngg_post_thumbnail":0,"footnotes":""},"categories":[7,6,1],"tags":[],"class_list":["post-5110","post","type-post","status-publish","format-standard","has-post-thumbnail","hentry","category-cooperativas","category-institucionales","category-noticias"],"acf":[],"_links":{"self":[{"href":"https:\/\/www.cudecoop.coop\/cudecoop\/wp-json\/wp\/v2\/posts\/5110","targetHints":{"allow":["GET"]}}],"collection":[{"href":"https:\/\/www.cudecoop.coop\/cudecoop\/wp-json\/wp\/v2\/posts"}],"about":[{"href":"https:\/\/www.cudecoop.coop\/cudecoop\/wp-json\/wp\/v2\/types\/post"}],"author":[{"embeddable":true,"href":"https:\/\/www.cudecoop.coop\/cudecoop\/wp-json\/wp\/v2\/users\/27"}],"replies":[{"embeddable":true,"href":"https:\/\/www.cudecoop.coop\/cudecoop\/wp-json\/wp\/v2\/comments?post=5110"}],"version-history":[{"count":3,"href":"https:\/\/www.cudecoop.coop\/cudecoop\/wp-json\/wp\/v2\/posts\/5110\/revisions"}],"predecessor-version":[{"id":5223,"href":"https:\/\/www.cudecoop.coop\/cudecoop\/wp-json\/wp\/v2\/posts\/5110\/revisions\/5223"}],"wp:featuredmedia":[{"embeddable":true,"href":"https:\/\/www.cudecoop.coop\/cudecoop\/wp-json\/wp\/v2\/media\/5222"}],"wp:attachment":[{"href":"https:\/\/www.cudecoop.coop\/cudecoop\/wp-json\/wp\/v2\/media?parent=5110"}],"wp:term":[{"taxonomy":"category","embeddable":true,"href":"https:\/\/www.cudecoop.coop\/cudecoop\/wp-json\/wp\/v2\/categories?post=5110"},{"taxonomy":"post_tag","embeddable":true,"href":"https:\/\/www.cudecoop.coop\/cudecoop\/wp-json\/wp\/v2\/tags?post=5110"}],"curies":[{"name":"wp","href":"https:\/\/api.w.org\/{rel}","templated":true}]}}