{"id":5093,"date":"2025-05-31T19:52:49","date_gmt":"2025-05-31T22:52:49","guid":{"rendered":"https:\/\/www.cudecoop.coop\/cudecoop\/?p=5093"},"modified":"2025-07-16T13:01:10","modified_gmt":"2025-07-16T16:01:10","slug":"se-realizo-el-encuentro-regional-de-cooperativas-del-litoral-norte","status":"publish","type":"post","link":"https:\/\/www.cudecoop.coop\/cudecoop\/se-realizo-el-encuentro-regional-de-cooperativas-del-litoral-norte\/","title":{"rendered":"M\u00e1s de 100 cooperativistas del Norte del pa\u00eds se reunieron en Paysand\u00fa"},"content":{"rendered":"<p>El s\u00e1bado 31 de mayo, en la Sede del Cenur Litoral Norte de la Universidad de la Rep\u00fablica de Paysand\u00fa, Cudecoop organiz\u00f3 el Encuentro Regional de cooperativas del Litoral Norte del que m\u00e1s de 100 cooperativistas de Artigas, Salto, Paysand\u00fa, R\u00edo Negro, Soriano y Tacuaremb\u00f3 fueron parte.&nbsp;<\/p>\n<p>La mesa de apertura estuvo a cargo de Silvana Almenares y Jos\u00e9 Luis Carrey, representantes de la Mesa Intercooperativa de Paysand\u00fa, quienes dieron la bienvenida al Departamento e hicieron un repaso por la historia de la Mesa y su proyecci\u00f3n a futuro, y Hugo Monta\u00f1o, presidente de Cudecoop, quien destac\u00f3 &#8220;Tenemos que evaluar con justicia cu\u00e1l es nuestro papel en la sociedad moderna&#8230; y esa evaluaci\u00f3n tiene que tener como contenido el resaltar aportes que son fundamentales y permanentemente apuntan a contribuir al desarrollo de las cooperativas de la sociedad en su conjunto. Las cooperativas construimos sociedad y construimos econom\u00eda&#8221;&nbsp;<\/p>\n<p>Para avanzar en el trabajo sobre los Ejes Tem\u00e1ticos del Encuentro, particip\u00f3 el Economista Diego Pereira, por el Instituto Juan Pablo Terra, quien expuso sobre el Eje 1: el impacto de las cooperativas en la econom\u00eda y sociedad uruguaya. En su ponencia, present\u00f3 informaci\u00f3n vinculada al futuro del cooperativismo como parte del sistema econ\u00f3mico uruguayo, con una mirada desde los avances tecnol\u00f3gicos de los \u00faltimos a\u00f1os, la sostenibilidad y el desarrollo.&nbsp;<\/p>\n<p>Continuando con la construcci\u00f3n de las propuestas y necesidades del movimiento cooperativo en torno a estos Ejes, se realiz\u00f3 un trabajo en grupos en los que representantes de todas las clases cooperativas de los diferentes Departamentos intercambiaron sobre las distintas l\u00edneas tem\u00e1ticas, desde una perspectiva individual y luego colectiva, que tuvo cierre con una plenaria de puesta en com\u00fan.<\/p>\n<p>El cierre del Encuentro estuvo a cargo de Juan Carlos Canessa, secretario de Cudecoop, quien destac\u00f3 la importancia de estas instancias para avanzar hacia el 6to Encuentro Nacional que se realizar\u00e1 en noviembre.&nbsp;<\/p>\n<p>En esta jornada,&nbsp; acompa\u00f1aron como observadores participantes, estudiantes y un docente&nbsp; de la Tecnicatura en Desarrollo Regional Sustentable de Tacuaremb\u00f3, quienes a partir de los temas abordados en los grupos elaborar\u00e1n como trabajo final de semestre un proyecto para la asignatura Formulaci\u00f3n de proyectos.<\/p>\n<p>Los Ejes tem\u00e1ticos de los encuentros y del 6to Encuentro Nacional son:<\/p>\n<p>Eje 1: el impacto del cooperativismo en la econom\u00eda y sociedad uruguaya<\/p>\n<p>Eje 2: la&nbsp;identidad cooperativa como base para la acci\u00f3n gremial y pol\u00edtica<\/p>\n<p>Eje 3: la innovaci\u00f3n en el cooperativismo como motor de desarrollo&nbsp;<\/p>\n<p>Los siguientes encuentros preparatorios ser\u00e1n el 5 de julio en San Jos\u00e9 y el 2 de agosto en Maldonado.<br \/>\nEn los pr\u00f3ximos d\u00edas compartiremos detalle del calendario de actividades y formularios de inscripci\u00f3n <a href=\"https:\/\/cudecoop.coop\/6toencuentro\/\">\u00a1Conoc\u00e9 la web del 6to Encuentro Nacional de Cooperativas!<\/a><\/p>\n","protected":false},"excerpt":{"rendered":"<p>El s\u00e1bado 31 de mayo, en la Sede del Cenur Litoral Norte de la Universidad de la Rep\u00fablica de Paysand\u00fa, Cudecoop organiz\u00f3 el Encuentro Regional de cooperativas del Litoral Norte del que m\u00e1s de 100 cooperativistas de Artigas, Salto, Paysand\u00fa, R\u00edo Negro, Soriano y Tacuaremb\u00f3 fueron parte.&nbsp; La mesa de apertura estuvo a cargo de Silvana Almenares y Jos\u00e9 Luis Carrey, representantes de la Mesa Intercooperativa de Paysand\u00fa, quienes dieron la bienvenida al Departamento e hicieron un repaso por la historia de la Mesa y su proyecci\u00f3n a futuro, y Hugo Monta\u00f1o, presidente de Cudecoop, quien destac\u00f3 &#8220;Tenemos que evaluar [&#8230;]<\/p>\n","protected":false},"author":27,"featured_media":5095,"comment_status":"open","ping_status":"open","sticky":false,"template":"","format":"standard","meta":{"_acf_changed":false,"ngg_post_thumbnail":0,"footnotes":""},"categories":[7,6,1],"tags":[],"class_list":["post-5093","post","type-post","status-publish","format-standard","has-post-thumbnail","hentry","category-cooperativas","category-institucionales","category-noticias"],"acf":[],"_links":{"self":[{"href":"https:\/\/www.cudecoop.coop\/cudecoop\/wp-json\/wp\/v2\/posts\/5093","targetHints":{"allow":["GET"]}}],"collection":[{"href":"https:\/\/www.cudecoop.coop\/cudecoop\/wp-json\/wp\/v2\/posts"}],"about":[{"href":"https:\/\/www.cudecoop.coop\/cudecoop\/wp-json\/wp\/v2\/types\/post"}],"author":[{"embeddable":true,"href":"https:\/\/www.cudecoop.coop\/cudecoop\/wp-json\/wp\/v2\/users\/27"}],"replies":[{"embeddable":true,"href":"https:\/\/www.cudecoop.coop\/cudecoop\/wp-json\/wp\/v2\/comments?post=5093"}],"version-history":[{"count":12,"href":"https:\/\/www.cudecoop.coop\/cudecoop\/wp-json\/wp\/v2\/posts\/5093\/revisions"}],"predecessor-version":[{"id":5117,"href":"https:\/\/www.cudecoop.coop\/cudecoop\/wp-json\/wp\/v2\/posts\/5093\/revisions\/5117"}],"wp:featuredmedia":[{"embeddable":true,"href":"https:\/\/www.cudecoop.coop\/cudecoop\/wp-json\/wp\/v2\/media\/5095"}],"wp:attachment":[{"href":"https:\/\/www.cudecoop.coop\/cudecoop\/wp-json\/wp\/v2\/media?parent=5093"}],"wp:term":[{"taxonomy":"category","embeddable":true,"href":"https:\/\/www.cudecoop.coop\/cudecoop\/wp-json\/wp\/v2\/categories?post=5093"},{"taxonomy":"post_tag","embeddable":true,"href":"https:\/\/www.cudecoop.coop\/cudecoop\/wp-json\/wp\/v2\/tags?post=5093"}],"curies":[{"name":"wp","href":"https:\/\/api.w.org\/{rel}","templated":true}]}}