{"id":5079,"date":"2025-05-28T16:26:11","date_gmt":"2025-05-28T19:26:11","guid":{"rendered":"https:\/\/www.cudecoop.coop\/cudecoop\/?p=5079"},"modified":"2025-05-28T16:26:11","modified_gmt":"2025-05-28T19:26:11","slug":"ccu-impulsa-habitats-sostenibles-para-que-el-cooperativismo-sea-la-base-de-sociedades-inclusivas","status":"publish","type":"post","link":"https:\/\/www.cudecoop.coop\/cudecoop\/ccu-impulsa-habitats-sostenibles-para-que-el-cooperativismo-sea-la-base-de-sociedades-inclusivas\/","title":{"rendered":"CCU impulsa \u201cH\u00e1bitats sostenibles\u201d para que el cooperativismo sea la base de sociedades inclusivas"},"content":{"rendered":"<p>Con el objetivo de fortalecer el papel del cooperativismo en la construcci\u00f3n de ciudades m\u00e1s equitativas, el Centro Cooperativista Uruguayo (CCU) dio inicio al proyecto&nbsp;<strong>\u201cH\u00e1bitats sostenibles: promoviendo el cooperativismo de vivienda para construir ciudades inclusivas\u201d<\/strong>. La apertura del ciclo se realiz\u00f3 el lunes 26 de mayo en el Edificio MERCOSUR y cont\u00f3 con la participaci\u00f3n de autoridades nacionales, departamentales, referentes del movimiento cooperativo nacional y chileno.<\/p>\n<p>Este evento marc\u00f3 el comienzo de una semana de actividades \u2014talleres, recorridas y conversatorios\u2014 que se desarrollan entre el 26 y el 30 de mayo, con la participaci\u00f3n de una delegaci\u00f3n chilena compuesta por t\u00e9cnicos de las cooperativas Kincha y Borde Urbano, y de la Municipalidad de Valpara\u00edso.<\/p>\n<p>Durante la apertura, el presidente de CUDECOOP,&nbsp;<strong>Hugo Monta\u00f1o<\/strong>, fue invitado a presentar la Confederaci\u00f3n, destacando su proyecci\u00f3n institucional, el alcance territorial de sus entidades socias, y el trabajo articulado que realiza junto a las Federaciones cooperativas sectoriales.<\/p>\n<p>Tambi\u00e9n participaron&nbsp;<strong>Fabiana Goyeneche<\/strong>, directora de Relaciones Internacionales y Cooperaci\u00f3n de la Intendencia de Montevideo, y&nbsp;<strong>Georgina Tedros<\/strong>, de la Divisi\u00f3n Tierras y H\u00e1bitat del mismo gobierno departamental, quienes subrayaron la importancia de la articulaci\u00f3n entre actores p\u00fablicos y sociales para avanzar en soluciones habitacionales inclusivas.<\/p>\n<p>La jornada cont\u00f3 con la presencia de actores clave del ecosistema cooperativo y de vivienda en Uruguay, entre ellos representantes del&nbsp;<strong>CCU<\/strong>,&nbsp;<strong>INACOOP<\/strong>,&nbsp;<strong>FUCVAM<\/strong>,&nbsp;<strong>FECOVI<\/strong>,&nbsp;<strong>CUDECOOP<\/strong>&nbsp;y el&nbsp;<strong>Ministerio de Vivienda y Ordenamiento Territorial (MVOT)<\/strong>.<\/p>\n<p>El proyecto \u201cH\u00e1bitats sostenibles\u201d es una iniciativa del Centro Cooperativista Uruguayo, en alianza con la Intendencia de Montevideo y la Municipalidad de Valpara\u00edso (Chile), y cuenta con el&nbsp;<strong>cofinanciamiento de Mercociudades<\/strong>.<\/p>\n","protected":false},"excerpt":{"rendered":"<p>Con el objetivo de fortalecer el papel del cooperativismo en la construcci\u00f3n de ciudades m\u00e1s equitativas, el Centro Cooperativista Uruguayo (CCU) dio inicio al proyecto&nbsp;\u201cH\u00e1bitats sostenibles: promoviendo el cooperativismo de vivienda para construir ciudades inclusivas\u201d. La apertura del ciclo se realiz\u00f3 el lunes 26 de mayo en el Edificio MERCOSUR y cont\u00f3 con la participaci\u00f3n de autoridades nacionales, departamentales, referentes del movimiento cooperativo nacional y chileno. Este evento marc\u00f3 el comienzo de una semana de actividades \u2014talleres, recorridas y conversatorios\u2014 que se desarrollan entre el 26 y el 30 de mayo, con la participaci\u00f3n de una delegaci\u00f3n chilena compuesta por [&#8230;]<\/p>\n","protected":false},"author":27,"featured_media":5080,"comment_status":"open","ping_status":"open","sticky":false,"template":"","format":"standard","meta":{"_acf_changed":false,"ngg_post_thumbnail":0,"footnotes":""},"categories":[7,6,1],"tags":[],"class_list":["post-5079","post","type-post","status-publish","format-standard","has-post-thumbnail","hentry","category-cooperativas","category-institucionales","category-noticias"],"acf":[],"_links":{"self":[{"href":"https:\/\/www.cudecoop.coop\/cudecoop\/wp-json\/wp\/v2\/posts\/5079","targetHints":{"allow":["GET"]}}],"collection":[{"href":"https:\/\/www.cudecoop.coop\/cudecoop\/wp-json\/wp\/v2\/posts"}],"about":[{"href":"https:\/\/www.cudecoop.coop\/cudecoop\/wp-json\/wp\/v2\/types\/post"}],"author":[{"embeddable":true,"href":"https:\/\/www.cudecoop.coop\/cudecoop\/wp-json\/wp\/v2\/users\/27"}],"replies":[{"embeddable":true,"href":"https:\/\/www.cudecoop.coop\/cudecoop\/wp-json\/wp\/v2\/comments?post=5079"}],"version-history":[{"count":1,"href":"https:\/\/www.cudecoop.coop\/cudecoop\/wp-json\/wp\/v2\/posts\/5079\/revisions"}],"predecessor-version":[{"id":5081,"href":"https:\/\/www.cudecoop.coop\/cudecoop\/wp-json\/wp\/v2\/posts\/5079\/revisions\/5081"}],"wp:featuredmedia":[{"embeddable":true,"href":"https:\/\/www.cudecoop.coop\/cudecoop\/wp-json\/wp\/v2\/media\/5080"}],"wp:attachment":[{"href":"https:\/\/www.cudecoop.coop\/cudecoop\/wp-json\/wp\/v2\/media?parent=5079"}],"wp:term":[{"taxonomy":"category","embeddable":true,"href":"https:\/\/www.cudecoop.coop\/cudecoop\/wp-json\/wp\/v2\/categories?post=5079"},{"taxonomy":"post_tag","embeddable":true,"href":"https:\/\/www.cudecoop.coop\/cudecoop\/wp-json\/wp\/v2\/tags?post=5079"}],"curies":[{"name":"wp","href":"https:\/\/api.w.org\/{rel}","templated":true}]}}