{"id":5074,"date":"2025-05-26T12:34:41","date_gmt":"2025-05-26T15:34:41","guid":{"rendered":"https:\/\/www.cudecoop.coop\/cudecoop\/?p=5074"},"modified":"2025-05-29T16:02:48","modified_gmt":"2025-05-29T19:02:48","slug":"paysandu-encuentro-regional-de-cooperativas","status":"publish","type":"post","link":"https:\/\/www.cudecoop.coop\/cudecoop\/paysandu-encuentro-regional-de-cooperativas\/","title":{"rendered":"Paysand\u00fa &#8211; Encuentro Regional de Cooperativas"},"content":{"rendered":"<p><b>Nos preparamos para el 6to Encuentro Nacional de Cooperativas<\/b><\/p>\n<p><b><\/b>En el marco del Programa de Desarrollo Cooperativo Territorial invitamos a cooperativistas y representantes del movimiento cooperativo nacional y local a participar del <strong>Encuentro Regional<\/strong>.<br \/>\nEn esta jornada, preparatoria del Encuentro Nacional de Cooperativas, trabajaremos sobre los ejes tem\u00e1ticos que estructurar\u00e1n los debates, talleres y plenarios del Encuentro.<\/p>\n<div>Convocamos a cooperativistas de Artigas, Paysand\u00fa, R\u00edo Negro, Salto, Soriano y Tacuaremb\u00f3 a participar de esta instancia.&nbsp;<\/div>\n<div>\n<div>Nos encontramos el s\u00e1bado 31 de mayo de 8:30 a 14:00 hs. en la Sede de Paysand\u00fa del Cenur Litoral Norte de la Universidad de la Rep\u00fablica (Calles Montevideo y Florida)<\/div>\n<div><strong>Inscripciones <a href=\"https:\/\/forms.gle\/te975vKgBsMWxHEC9\">aqu\u00ed&nbsp;<\/a><\/strong><\/div>\n<div><a href=\"http:\/\/www.cudecoop.coop\/cudecoop\/wp-content\/uploads\/2025\/05\/Programa-disponible.pdf\">Programa disponible<\/a><\/div>\n<div>&nbsp;<\/div>\n<div>\ud83d\udd0e Conoc\u00e9 m\u00e1s en la <a href=\"https:\/\/cudecoop.coop\/6toencuentro\/\">web del Encuentro<\/a><\/div>\n<\/div>\n","protected":false},"excerpt":{"rendered":"<p>Nos preparamos para el 6to Encuentro Nacional de Cooperativas En el marco del Programa de Desarrollo Cooperativo Territorial invitamos a cooperativistas y representantes del movimiento cooperativo nacional y local a participar del Encuentro Regional.<br \/> En esta jornada, preparatoria del Encuentro Nacional de Cooperativas, trabajaremos sobre los ejes tem\u00e1ticos que estructurar\u00e1n los debates, talleres y plenarios del Encuentro. Convocamos a cooperativistas de Artigas, Paysand\u00fa, R\u00edo Negro, Salto, Soriano y Tacuaremb\u00f3 a participar de esta instancia.&nbsp; Nos encontramos el s\u00e1bado 31 de mayo de 8:30 a 14:00 hs. en la Sede de Paysand\u00fa del Cenur Litoral Norte de la Universidad de [&#8230;]<\/p>\n","protected":false},"author":27,"featured_media":5076,"comment_status":"open","ping_status":"open","sticky":false,"template":"","format":"standard","meta":{"_acf_changed":false,"ngg_post_thumbnail":0,"footnotes":""},"categories":[7,6,1],"tags":[],"class_list":["post-5074","post","type-post","status-publish","format-standard","has-post-thumbnail","hentry","category-cooperativas","category-institucionales","category-noticias"],"acf":[],"_links":{"self":[{"href":"https:\/\/www.cudecoop.coop\/cudecoop\/wp-json\/wp\/v2\/posts\/5074","targetHints":{"allow":["GET"]}}],"collection":[{"href":"https:\/\/www.cudecoop.coop\/cudecoop\/wp-json\/wp\/v2\/posts"}],"about":[{"href":"https:\/\/www.cudecoop.coop\/cudecoop\/wp-json\/wp\/v2\/types\/post"}],"author":[{"embeddable":true,"href":"https:\/\/www.cudecoop.coop\/cudecoop\/wp-json\/wp\/v2\/users\/27"}],"replies":[{"embeddable":true,"href":"https:\/\/www.cudecoop.coop\/cudecoop\/wp-json\/wp\/v2\/comments?post=5074"}],"version-history":[{"count":3,"href":"https:\/\/www.cudecoop.coop\/cudecoop\/wp-json\/wp\/v2\/posts\/5074\/revisions"}],"predecessor-version":[{"id":5091,"href":"https:\/\/www.cudecoop.coop\/cudecoop\/wp-json\/wp\/v2\/posts\/5074\/revisions\/5091"}],"wp:featuredmedia":[{"embeddable":true,"href":"https:\/\/www.cudecoop.coop\/cudecoop\/wp-json\/wp\/v2\/media\/5076"}],"wp:attachment":[{"href":"https:\/\/www.cudecoop.coop\/cudecoop\/wp-json\/wp\/v2\/media?parent=5074"}],"wp:term":[{"taxonomy":"category","embeddable":true,"href":"https:\/\/www.cudecoop.coop\/cudecoop\/wp-json\/wp\/v2\/categories?post=5074"},{"taxonomy":"post_tag","embeddable":true,"href":"https:\/\/www.cudecoop.coop\/cudecoop\/wp-json\/wp\/v2\/tags?post=5074"}],"curies":[{"name":"wp","href":"https:\/\/api.w.org\/{rel}","templated":true}]}}