{"id":5059,"date":"2025-05-22T14:52:37","date_gmt":"2025-05-22T17:52:37","guid":{"rendered":"https:\/\/www.cudecoop.coop\/cudecoop\/?p=5059"},"modified":"2025-12-02T16:02:26","modified_gmt":"2025-12-02T19:02:26","slug":"6to-encuentro-nacional-de-cooperativas","status":"publish","type":"post","link":"https:\/\/www.cudecoop.coop\/cudecoop\/6to-encuentro-nacional-de-cooperativas\/","title":{"rendered":"6to Encuentro Nacional de Cooperativas"},"content":{"rendered":"<p>Montevideo,<b> 6 y 7 de noviembre de 2025<\/b><b><br \/>\n<\/b><span style=\"font-weight: 400;\">En el marco del <\/span><b>A\u00f1o Internacional de las Cooperativas<\/b><span style=\"font-weight: 400;\"> declarado por Naciones Unidas.<\/span><\/p>\n<p>\u00a1Visit\u00e1 la web del Encuentro! Clic <a href=\"https:\/\/cudecoop.coop\/6toencuentro\/\">aqu\u00ed<\/a><\/p>\n<p><span style=\"font-weight: 400;\">El 6to Encuentro nacional de cooperativas es organizado por la <\/span><b>Confederaci\u00f3n Uruguaya de Entidades Cooperativas (CUDECOOP)<\/b><span style=\"font-weight: 400;\">, portavoz del movimiento cooperativo nacional. En este 2025, CUDECOOP se posiciona como representante clave de la econom\u00eda social, y como aliado estrat\u00e9gico para el desarrollo del pa\u00eds.<\/span><\/p>\n<p><span style=\"font-weight: 400;\">El <\/span><b>Encuentro Nacional de Cooperativas<\/b><span style=\"font-weight: 400;\"> es el espacio m\u00e1s amplio, plural y representativo del cooperativismo uruguayo. Una instancia clave para reflexionar sobre el presente y proyectar el futuro del movimiento, construyendo colectivamente propuestas estrat\u00e9gicas para el desarrollo del pa\u00eds. Dirigido a la participaci\u00f3n de todo el cooperativismo nacional.&nbsp;<\/span><\/p>\n<p><span style=\"font-weight: 400;\">Desde el a\u00f1o 2001, los Encuentros han sido hitos en la historia del cooperativismo nacional, articulando la reflexi\u00f3n, la acci\u00f3n gremial, la intercooperaci\u00f3n y la proyecci\u00f3n pol\u00edtica del sector.<\/span><\/p>\n<p><span style=\"font-weight: 400;\"><b style=\"font-size: 1.125rem;\">\u00bfPor qu\u00e9 este 6to Encuentro?<\/b><\/span><\/p>\n<p><span style=\"font-weight: 400;\">En 2025, nuevamente en un <\/span><b>A\u00f1o Internacional de las Cooperativas<\/b><span style=\"font-weight: 400;\">, el movimiento enfrenta un escenario desafiante y estrat\u00e9gico:<\/span><\/p>\n<ul>\n<li style=\"font-weight: 400;\" aria-level=\"1\"><span style=\"font-weight: 400;\">Un nuevo ciclo pol\u00edtico nacional requiere propuestas s\u00f3lidas desde el cooperativismo.<\/span>&nbsp;<\/li>\n<li style=\"font-weight: 400;\" aria-level=\"1\"><span style=\"font-weight: 400;\">CUDECOOP inicia un nuevo proceso de planificaci\u00f3n 2025\u20132027 que convoca al conjunto del sector.<\/span>&nbsp;<\/li>\n<li style=\"font-weight: 400;\" aria-level=\"1\"><span style=\"font-weight: 400;\">El mundo atraviesa complejidades sociales, econ\u00f3micas y ambientales que exigen respuestas colectivas e innovadoras.<\/span><span style=\"font-weight: 400;\"><br \/>\n<\/span><\/li>\n<\/ul>\n<p><span style=\"font-weight: 400;\">El 6to Encuentro ser\u00e1 el espacio para renovar el compromiso cooperativo con el pa\u00eds y el planeta.<\/span><\/p>\n<p><strong>\u00a1Pr\u00f3ximamente m\u00e1s informaci\u00f3n de inscripciones, agenda y documentos previos! Por consultas escribinos a <b>encuentro@cudecoop.org.uy<\/b><\/strong><\/p>\n<p><span style=\"font-weight: 400;\">Mantenete al tanto de todas las novedades en nuestras redes y compart\u00ed tus ideas usando el hashtag <\/span><b>#EncuentroCooperativo2025<\/b><\/p>\n<p><span style=\"font-weight: 400;\"><strong>Facebook<\/strong>: Confederaci\u00f3n Uruguaya de Entidades Cooperativas &#8211; Cudecoop<\/span><span style=\"font-weight: 400;\"><br \/>\n<\/span><span style=\"font-weight: 400;\"><strong>Instagram<\/strong>: @cudecoop<\/span><span style=\"font-weight: 400;\"><br \/>\n<\/span><span style=\"font-weight: 400;\"><strong> X<\/strong>: @cudecoop_uy<\/span><\/p>\n","protected":false},"excerpt":{"rendered":"<p>Montevideo, 6 y 7 de noviembre de 2025<br \/> En el marco del A\u00f1o Internacional de las Cooperativas declarado por Naciones Unidas. \u00a1Visit\u00e1 la web del Encuentro! Clic aqu\u00ed El 6to Encuentro nacional de cooperativas es organizado por la Confederaci\u00f3n Uruguaya de Entidades Cooperativas (CUDECOOP), portavoz del movimiento cooperativo nacional. En este 2025, CUDECOOP se posiciona como representante clave de la econom\u00eda social, y como aliado estrat\u00e9gico para el desarrollo del pa\u00eds. El Encuentro Nacional de Cooperativas es el espacio m\u00e1s amplio, plural y representativo del cooperativismo uruguayo. Una instancia clave para reflexionar sobre el presente y proyectar el futuro [&#8230;]<\/p>\n","protected":false},"author":27,"featured_media":5069,"comment_status":"open","ping_status":"open","sticky":false,"template":"","format":"standard","meta":{"_acf_changed":false,"ngg_post_thumbnail":0,"footnotes":""},"categories":[7,6,1],"tags":[],"class_list":["post-5059","post","type-post","status-publish","format-standard","has-post-thumbnail","hentry","category-cooperativas","category-institucionales","category-noticias"],"acf":[],"_links":{"self":[{"href":"https:\/\/www.cudecoop.coop\/cudecoop\/wp-json\/wp\/v2\/posts\/5059","targetHints":{"allow":["GET"]}}],"collection":[{"href":"https:\/\/www.cudecoop.coop\/cudecoop\/wp-json\/wp\/v2\/posts"}],"about":[{"href":"https:\/\/www.cudecoop.coop\/cudecoop\/wp-json\/wp\/v2\/types\/post"}],"author":[{"embeddable":true,"href":"https:\/\/www.cudecoop.coop\/cudecoop\/wp-json\/wp\/v2\/users\/27"}],"replies":[{"embeddable":true,"href":"https:\/\/www.cudecoop.coop\/cudecoop\/wp-json\/wp\/v2\/comments?post=5059"}],"version-history":[{"count":8,"href":"https:\/\/www.cudecoop.coop\/cudecoop\/wp-json\/wp\/v2\/posts\/5059\/revisions"}],"predecessor-version":[{"id":5068,"href":"https:\/\/www.cudecoop.coop\/cudecoop\/wp-json\/wp\/v2\/posts\/5059\/revisions\/5068"}],"wp:featuredmedia":[{"embeddable":true,"href":"https:\/\/www.cudecoop.coop\/cudecoop\/wp-json\/wp\/v2\/media\/5069"}],"wp:attachment":[{"href":"https:\/\/www.cudecoop.coop\/cudecoop\/wp-json\/wp\/v2\/media?parent=5059"}],"wp:term":[{"taxonomy":"category","embeddable":true,"href":"https:\/\/www.cudecoop.coop\/cudecoop\/wp-json\/wp\/v2\/categories?post=5059"},{"taxonomy":"post_tag","embeddable":true,"href":"https:\/\/www.cudecoop.coop\/cudecoop\/wp-json\/wp\/v2\/tags?post=5059"}],"curies":[{"name":"wp","href":"https:\/\/api.w.org\/{rel}","templated":true}]}}