{"id":5043,"date":"2025-05-16T17:54:14","date_gmt":"2025-05-16T20:54:14","guid":{"rendered":"https:\/\/www.cudecoop.coop\/cudecoop\/?p=5043"},"modified":"2025-05-16T17:54:14","modified_gmt":"2025-05-16T20:54:14","slug":"maldonado-formacion-sobre-diseno-y-o-actualizacion-de-reglamentos-internos-de-cooperativas","status":"publish","type":"post","link":"https:\/\/www.cudecoop.coop\/cudecoop\/maldonado-formacion-sobre-diseno-y-o-actualizacion-de-reglamentos-internos-de-cooperativas\/","title":{"rendered":"Maldonado &#8211; Formaci\u00f3n sobre dise\u00f1o y\/o actualizaci\u00f3n de Reglamentos Internos de Cooperativas"},"content":{"rendered":"<p>Si formas parte de una cooperativa y est\u00e1n trabajando en la creaci\u00f3n o actualizaci\u00f3n del reglamento \u00a1Esta oportunidad es para vos!<br \/>\nConvocamos a cooperativistas de Maldonado a participar del Taller de formaci\u00f3n sobre dise\u00f1o y\/o actualizaci\u00f3n de Reglamentos Internos de Cooperativas<br \/>\nLos encuentros son el s\u00e1bado 17 de mayo en &nbsp;Ciudad de Maldonado de 10:00 13:00 hs. y en Pan de Az\u00facar de 18:00 a 20:30 hs. Inscripciones <a href=\"https:\/\/forms.gle\/u8tT3VVHbjMPxQuR9\">aqu\u00ed<\/a><\/p>\n<p>Los cupos son limitados<\/p>\n","protected":false},"excerpt":{"rendered":"<p>Si formas parte de una cooperativa y est\u00e1n trabajando en la creaci\u00f3n o actualizaci\u00f3n del reglamento \u00a1Esta oportunidad es para vos!<br \/> Convocamos a cooperativistas de Maldonado a participar del Taller de formaci\u00f3n sobre dise\u00f1o y\/o actualizaci\u00f3n de Reglamentos Internos de Cooperativas<br \/> Los encuentros son el s\u00e1bado 17 de mayo en &nbsp;Ciudad de Maldonado de 10:00 13:00 hs. y en Pan de Az\u00facar de 18:00 a 20:30 hs. Inscripciones aqu\u00ed Los cupos son [&#8230;]<\/p>\n","protected":false},"author":27,"featured_media":5044,"comment_status":"open","ping_status":"open","sticky":false,"template":"","format":"standard","meta":{"_acf_changed":false,"ngg_post_thumbnail":0,"footnotes":""},"categories":[7,6,1],"tags":[],"class_list":["post-5043","post","type-post","status-publish","format-standard","has-post-thumbnail","hentry","category-cooperativas","category-institucionales","category-noticias"],"acf":[],"_links":{"self":[{"href":"https:\/\/www.cudecoop.coop\/cudecoop\/wp-json\/wp\/v2\/posts\/5043","targetHints":{"allow":["GET"]}}],"collection":[{"href":"https:\/\/www.cudecoop.coop\/cudecoop\/wp-json\/wp\/v2\/posts"}],"about":[{"href":"https:\/\/www.cudecoop.coop\/cudecoop\/wp-json\/wp\/v2\/types\/post"}],"author":[{"embeddable":true,"href":"https:\/\/www.cudecoop.coop\/cudecoop\/wp-json\/wp\/v2\/users\/27"}],"replies":[{"embeddable":true,"href":"https:\/\/www.cudecoop.coop\/cudecoop\/wp-json\/wp\/v2\/comments?post=5043"}],"version-history":[{"count":1,"href":"https:\/\/www.cudecoop.coop\/cudecoop\/wp-json\/wp\/v2\/posts\/5043\/revisions"}],"predecessor-version":[{"id":5045,"href":"https:\/\/www.cudecoop.coop\/cudecoop\/wp-json\/wp\/v2\/posts\/5043\/revisions\/5045"}],"wp:featuredmedia":[{"embeddable":true,"href":"https:\/\/www.cudecoop.coop\/cudecoop\/wp-json\/wp\/v2\/media\/5044"}],"wp:attachment":[{"href":"https:\/\/www.cudecoop.coop\/cudecoop\/wp-json\/wp\/v2\/media?parent=5043"}],"wp:term":[{"taxonomy":"category","embeddable":true,"href":"https:\/\/www.cudecoop.coop\/cudecoop\/wp-json\/wp\/v2\/categories?post=5043"},{"taxonomy":"post_tag","embeddable":true,"href":"https:\/\/www.cudecoop.coop\/cudecoop\/wp-json\/wp\/v2\/tags?post=5043"}],"curies":[{"name":"wp","href":"https:\/\/api.w.org\/{rel}","templated":true}]}}