{"id":5038,"date":"2025-05-14T17:12:11","date_gmt":"2025-05-14T20:12:11","guid":{"rendered":"https:\/\/www.cudecoop.coop\/cudecoop\/?p=5038"},"modified":"2025-05-21T17:05:17","modified_gmt":"2025-05-21T20:05:17","slug":"fallecimiento-del-expresidente-de-la-republica-jose-pepe-mujica","status":"publish","type":"post","link":"https:\/\/www.cudecoop.coop\/cudecoop\/fallecimiento-del-expresidente-de-la-republica-jose-pepe-mujica\/","title":{"rendered":"Fallecimiento del expresidente de la Rep\u00fablica Jos\u00e9 &#8220;Pepe&#8221; Mujica"},"content":{"rendered":"<p style=\"text-align: left;\"><b>Cudecoop saluda al pueblo uruguayo y expresa sus condolencias a familiares y allegados del expresidente Jos\u00e9 \u201cPepe\u201d Mujica.<\/b><b><\/b><\/p>\n<p>Desde el movimiento cooperativo reconocemos su aporte al pa\u00eds y, en particular, su valoraci\u00f3n del cooperativismo como una herramienta clave dentro de la econom\u00eda social y solidaria.<\/p>\n<p>&#8220;Uno de los refugios m\u00e1s importantes es la econom\u00eda social y solidaria, y el mundo empresarial peque\u00f1o.\u201d<\/p>\n<p>As\u00ed lo expres\u00f3 Mujica durante la IV Cumbre Cooperativa de las Am\u00e9ricas en 2016, destacando el rol del cooperativismo como actor fundamental para una sociedad m\u00e1s justa y solidaria.<\/p>\n<p>&nbsp;<\/p>\n<p><iframe loading=\"lazy\" title=\"Mujica en la IV Cumbre Cooperativa de las Am\u00e9ricas\" width=\"525\" height=\"295\" src=\"https:\/\/www.youtube.com\/embed\/_h5MDU5MnAM?feature=oembed\" frameborder=\"0\" allow=\"accelerometer; autoplay; clipboard-write; encrypted-media; gyroscope; picture-in-picture; web-share\" referrerpolicy=\"strict-origin-when-cross-origin\" allowfullscreen><\/iframe><\/p>\n","protected":false},"excerpt":{"rendered":"<p>Cudecoop saluda al pueblo uruguayo y expresa sus condolencias a familiares y allegados del expresidente Jos\u00e9 \u201cPepe\u201d Mujica. Desde el movimiento cooperativo reconocemos su aporte al pa\u00eds y, en particular, su valoraci\u00f3n del cooperativismo como una herramienta clave dentro de la econom\u00eda social y solidaria. &#8220;Uno de los refugios m\u00e1s importantes es la econom\u00eda social y solidaria, y el mundo empresarial peque\u00f1o.\u201d As\u00ed lo expres\u00f3 Mujica durante la IV Cumbre Cooperativa de las Am\u00e9ricas en 2016, destacando el rol del cooperativismo como actor fundamental para una sociedad m\u00e1s justa y solidaria. [&#8230;]<\/p>\n","protected":false},"author":27,"featured_media":5039,"comment_status":"open","ping_status":"open","sticky":false,"template":"","format":"standard","meta":{"_acf_changed":false,"ngg_post_thumbnail":0,"footnotes":""},"categories":[7,6,1],"tags":[],"class_list":["post-5038","post","type-post","status-publish","format-standard","has-post-thumbnail","hentry","category-cooperativas","category-institucionales","category-noticias"],"acf":[],"_links":{"self":[{"href":"https:\/\/www.cudecoop.coop\/cudecoop\/wp-json\/wp\/v2\/posts\/5038","targetHints":{"allow":["GET"]}}],"collection":[{"href":"https:\/\/www.cudecoop.coop\/cudecoop\/wp-json\/wp\/v2\/posts"}],"about":[{"href":"https:\/\/www.cudecoop.coop\/cudecoop\/wp-json\/wp\/v2\/types\/post"}],"author":[{"embeddable":true,"href":"https:\/\/www.cudecoop.coop\/cudecoop\/wp-json\/wp\/v2\/users\/27"}],"replies":[{"embeddable":true,"href":"https:\/\/www.cudecoop.coop\/cudecoop\/wp-json\/wp\/v2\/comments?post=5038"}],"version-history":[{"count":3,"href":"https:\/\/www.cudecoop.coop\/cudecoop\/wp-json\/wp\/v2\/posts\/5038\/revisions"}],"predecessor-version":[{"id":5047,"href":"https:\/\/www.cudecoop.coop\/cudecoop\/wp-json\/wp\/v2\/posts\/5038\/revisions\/5047"}],"wp:featuredmedia":[{"embeddable":true,"href":"https:\/\/www.cudecoop.coop\/cudecoop\/wp-json\/wp\/v2\/media\/5039"}],"wp:attachment":[{"href":"https:\/\/www.cudecoop.coop\/cudecoop\/wp-json\/wp\/v2\/media?parent=5038"}],"wp:term":[{"taxonomy":"category","embeddable":true,"href":"https:\/\/www.cudecoop.coop\/cudecoop\/wp-json\/wp\/v2\/categories?post=5038"},{"taxonomy":"post_tag","embeddable":true,"href":"https:\/\/www.cudecoop.coop\/cudecoop\/wp-json\/wp\/v2\/tags?post=5038"}],"curies":[{"name":"wp","href":"https:\/\/api.w.org\/{rel}","templated":true}]}}