{"id":5034,"date":"2025-05-13T16:05:34","date_gmt":"2025-05-13T19:05:34","guid":{"rendered":"https:\/\/www.cudecoop.coop\/cudecoop\/?p=5034"},"modified":"2025-05-13T16:05:34","modified_gmt":"2025-05-13T19:05:34","slug":"llamado-a-asistente-de-la-coordinacion-y-antena-de-negocios-de-innovhubs","status":"publish","type":"post","link":"https:\/\/www.cudecoop.coop\/cudecoop\/llamado-a-asistente-de-la-coordinacion-y-antena-de-negocios-de-innovhubs\/","title":{"rendered":"Llamado a Asistente de la Coordinaci\u00f3n y Antena de Negocios de INNOVHUBs"},"content":{"rendered":"<p><span style=\"font-weight: 400;\">En el marco de la ejecuci\u00f3n del proyecto Innov-Hubs que lidera Cudecoop, se ha previsto la contrataci\u00f3n de una persona asistente para la coordinaci\u00f3n del proyecto y responsable de la Antena de Negocios.<\/span><\/p>\n<p><span style=\"font-weight: 400;\">El plazo vence el&nbsp; <\/span><b>27 de mayo del 2025&nbsp; <\/b>y la postulaci\u00f3n deber\u00e1 ser enviada <span style=\"font-weight: 400;\">al correo <\/span><a href=\"mailto:innovhubs.contacto@gmail.com\"><span style=\"font-weight: 400;\">innovhubs.contacto@gmail.com<\/span><\/a><\/p>\n<p>Ver m\u00e1s: &nbsp;<a href=\"http:\/\/www.cudecoop.coop\/cudecoop\/wp-content\/uploads\/2025\/05\/Innovhubs-Terminos-de-Referencia-Contrato-de-Asistente-de-la-Coordinacion.-2025.pdf\">Innovhubs -Te\u0301rminos de Referencia Contrato de Asistente de la Coordinacio\u0301n. 2025<\/a><\/p>\n","protected":false},"excerpt":{"rendered":"<p>En el marco de la ejecuci\u00f3n del proyecto Innov-Hubs que lidera Cudecoop, se ha previsto la contrataci\u00f3n de una persona asistente para la coordinaci\u00f3n del proyecto y responsable de la Antena de Negocios. El plazo vence el&nbsp; 27 de mayo del 2025&nbsp; y la postulaci\u00f3n deber\u00e1 ser enviada al correo innovhubs.contacto@gmail.com Ver m\u00e1s: &nbsp;Innovhubs -Te\u0301rminos de Referencia Contrato de Asistente de la Coordinacio\u0301n. [&#8230;]<\/p>\n","protected":false},"author":27,"featured_media":5035,"comment_status":"open","ping_status":"open","sticky":false,"template":"","format":"standard","meta":{"_acf_changed":false,"ngg_post_thumbnail":0,"footnotes":""},"categories":[7,6,1],"tags":[],"class_list":["post-5034","post","type-post","status-publish","format-standard","has-post-thumbnail","hentry","category-cooperativas","category-institucionales","category-noticias"],"acf":[],"_links":{"self":[{"href":"https:\/\/www.cudecoop.coop\/cudecoop\/wp-json\/wp\/v2\/posts\/5034","targetHints":{"allow":["GET"]}}],"collection":[{"href":"https:\/\/www.cudecoop.coop\/cudecoop\/wp-json\/wp\/v2\/posts"}],"about":[{"href":"https:\/\/www.cudecoop.coop\/cudecoop\/wp-json\/wp\/v2\/types\/post"}],"author":[{"embeddable":true,"href":"https:\/\/www.cudecoop.coop\/cudecoop\/wp-json\/wp\/v2\/users\/27"}],"replies":[{"embeddable":true,"href":"https:\/\/www.cudecoop.coop\/cudecoop\/wp-json\/wp\/v2\/comments?post=5034"}],"version-history":[{"count":1,"href":"https:\/\/www.cudecoop.coop\/cudecoop\/wp-json\/wp\/v2\/posts\/5034\/revisions"}],"predecessor-version":[{"id":5037,"href":"https:\/\/www.cudecoop.coop\/cudecoop\/wp-json\/wp\/v2\/posts\/5034\/revisions\/5037"}],"wp:featuredmedia":[{"embeddable":true,"href":"https:\/\/www.cudecoop.coop\/cudecoop\/wp-json\/wp\/v2\/media\/5035"}],"wp:attachment":[{"href":"https:\/\/www.cudecoop.coop\/cudecoop\/wp-json\/wp\/v2\/media?parent=5034"}],"wp:term":[{"taxonomy":"category","embeddable":true,"href":"https:\/\/www.cudecoop.coop\/cudecoop\/wp-json\/wp\/v2\/categories?post=5034"},{"taxonomy":"post_tag","embeddable":true,"href":"https:\/\/www.cudecoop.coop\/cudecoop\/wp-json\/wp\/v2\/tags?post=5034"}],"curies":[{"name":"wp","href":"https:\/\/api.w.org\/{rel}","templated":true}]}}