{"id":5027,"date":"2025-05-08T16:55:47","date_gmt":"2025-05-08T19:55:47","guid":{"rendered":"https:\/\/www.cudecoop.coop\/cudecoop\/?p=5027"},"modified":"2025-05-29T12:23:48","modified_gmt":"2025-05-29T15:23:48","slug":"comite-ejecutivo-en-intercambio-con-presidenta-de-inacoop-y-ministro-de-trabajo-y-seguridad-social","status":"publish","type":"post","link":"https:\/\/www.cudecoop.coop\/cudecoop\/comite-ejecutivo-en-intercambio-con-presidenta-de-inacoop-y-ministro-de-trabajo-y-seguridad-social\/","title":{"rendered":"Comit\u00e9 Ejecutivo en intercambio con Presidenta de Inacoop y Ministro de Trabajo y Seguridad Social"},"content":{"rendered":"<p>El Comit\u00e9 Ejecutivo de Cudecoop a pleno, integrado por (de izquierda a derecha en la foto) Mario Alvarello, vicepresidente 2do; Sergio Diz, vicepresidente 1ero; Hugo Monta\u00f1o, presidente, Juan Carlos Canessa, secretario; y Fredy Rond\u00e1n, tesorero; se reuni\u00f3 con Graciela Fern\u00e1ndez, presidenta del Instituto Nacional del Cooperativismo (Inacoop) y Juan Castillo, ministro del Ministerio de Trabajo y Seguridad Social (MTSS).<\/p>\n<p>En este encuentro se avanz\u00f3 en los planteos del movimiento cooperativo plasmados en las Propuestas Program\u00e1ticas presentadas a candidatos presidenciables y departamentales. En esta instancia, se propuso visibilizar al cooperativismo como un aliado estrat\u00e9gico del Estado en la resoluci\u00f3n de las dificultades de la sociedad de nuestro pa\u00eds.&nbsp;<\/p>\n<p>Las autoridades intercambiaron sobre la importancia del Inacoop como instituto de promoci\u00f3n, el compromiso de Cudecoop en la coejecuci\u00f3n de la pol\u00edtica p\u00fablica y la necesidad de la b\u00fasqueda de apoyos para su fortalecimiento. Con respecto al Instituto Nacional de Empleo y Formaci\u00f3n Profesional (Inefop) conversaron sobre el reconocimiento de la Econom\u00eda Social en el Directorio. Tambi\u00e9n hallaron pertinente reafirmar la necesidad de promover reformas legislativas que permitan el derecho a voto en el directorio de Inefop, y la participaci\u00f3n en el Consejo Superior Tripartito en la \u00f3rbita del MTSS.<\/p>\n<p>Finalmente se acord\u00f3 aprovechar el impulso del A\u00f1o Internacional de las Cooperativas para visibilizar el rol clave que estas cumplen en la sociedad y continuar en la b\u00fasqueda de formar equipos de trabajo a partir de la conformaci\u00f3n del Comit\u00e9 Nacional por el A\u00f1o Internacional.<\/p>\n","protected":false},"excerpt":{"rendered":"<p>El Comit\u00e9 Ejecutivo de Cudecoop a pleno, integrado por (de izquierda a derecha en la foto) Mario Alvarello, vicepresidente 2do; Sergio Diz, vicepresidente 1ero; Hugo Monta\u00f1o, presidente, Juan Carlos Canessa, secretario; y Fredy Rond\u00e1n, tesorero; se reuni\u00f3 con Graciela Fern\u00e1ndez, presidenta del Instituto Nacional del Cooperativismo (Inacoop) y Juan Castillo, ministro del Ministerio de Trabajo y Seguridad Social (MTSS). En este encuentro se avanz\u00f3 en los planteos del movimiento cooperativo plasmados en las Propuestas Program\u00e1ticas presentadas a candidatos presidenciables y departamentales. En esta instancia, se propuso visibilizar al cooperativismo como un aliado estrat\u00e9gico del Estado en la resoluci\u00f3n de las [&#8230;]<\/p>\n","protected":false},"author":27,"featured_media":5028,"comment_status":"open","ping_status":"open","sticky":false,"template":"","format":"standard","meta":{"_acf_changed":false,"ngg_post_thumbnail":0,"footnotes":""},"categories":[7,6,1],"tags":[],"class_list":["post-5027","post","type-post","status-publish","format-standard","has-post-thumbnail","hentry","category-cooperativas","category-institucionales","category-noticias"],"acf":[],"_links":{"self":[{"href":"https:\/\/www.cudecoop.coop\/cudecoop\/wp-json\/wp\/v2\/posts\/5027","targetHints":{"allow":["GET"]}}],"collection":[{"href":"https:\/\/www.cudecoop.coop\/cudecoop\/wp-json\/wp\/v2\/posts"}],"about":[{"href":"https:\/\/www.cudecoop.coop\/cudecoop\/wp-json\/wp\/v2\/types\/post"}],"author":[{"embeddable":true,"href":"https:\/\/www.cudecoop.coop\/cudecoop\/wp-json\/wp\/v2\/users\/27"}],"replies":[{"embeddable":true,"href":"https:\/\/www.cudecoop.coop\/cudecoop\/wp-json\/wp\/v2\/comments?post=5027"}],"version-history":[{"count":2,"href":"https:\/\/www.cudecoop.coop\/cudecoop\/wp-json\/wp\/v2\/posts\/5027\/revisions"}],"predecessor-version":[{"id":5030,"href":"https:\/\/www.cudecoop.coop\/cudecoop\/wp-json\/wp\/v2\/posts\/5027\/revisions\/5030"}],"wp:featuredmedia":[{"embeddable":true,"href":"https:\/\/www.cudecoop.coop\/cudecoop\/wp-json\/wp\/v2\/media\/5028"}],"wp:attachment":[{"href":"https:\/\/www.cudecoop.coop\/cudecoop\/wp-json\/wp\/v2\/media?parent=5027"}],"wp:term":[{"taxonomy":"category","embeddable":true,"href":"https:\/\/www.cudecoop.coop\/cudecoop\/wp-json\/wp\/v2\/categories?post=5027"},{"taxonomy":"post_tag","embeddable":true,"href":"https:\/\/www.cudecoop.coop\/cudecoop\/wp-json\/wp\/v2\/tags?post=5027"}],"curies":[{"name":"wp","href":"https:\/\/api.w.org\/{rel}","templated":true}]}}