{"id":5015,"date":"2025-04-29T12:56:13","date_gmt":"2025-04-29T15:56:13","guid":{"rendered":"https:\/\/www.cudecoop.coop\/cudecoop\/?p=5015"},"modified":"2025-04-29T13:09:31","modified_gmt":"2025-04-29T16:09:31","slug":"1o-de-mayo-un-millon-de-personas-construyendo-un-uruguay-mas-fuerte-solidario-y-sostenible","status":"publish","type":"post","link":"https:\/\/www.cudecoop.coop\/cudecoop\/1o-de-mayo-un-millon-de-personas-construyendo-un-uruguay-mas-fuerte-solidario-y-sostenible\/","title":{"rendered":"1\u00ba de mayo: Un mill\u00f3n de personas construyendo un Uruguay m\u00e1s fuerte, solidario y sostenible"},"content":{"rendered":"<p>GACETILLA DE PRENSA<\/p>\n<h1><strong>En el D\u00eda de las y los trabajadores y el A\u00f1o Internacional de las Cooperativas.&nbsp;<\/strong><\/h1>\n<p style=\"font-weight: 400;\">En cada rinc\u00f3n del pa\u00eds, desde cooperativas agrarias hasta sistemas de vivienda, trabajo, cr\u00e9dito, salud, transporte, cuidado o consumo, el cooperativismo con su trabajo sostiene la vida cotidiana de miles de uruguayos.&nbsp;<\/p>\n<p style=\"font-weight: 400;\">En este A\u00f1o Internacional de las Cooperativas y D\u00eda del trabajo, el movimiento se propone visibilizar su verdadero rol: ser motor de una econom\u00eda solidaria, con rostro humano y compromiso territorial. Por eso el movimiento cooperativo presenta sus propuestas program\u00e1ticas para la discusi\u00f3n presupuestal para este quinquenio. Son ideas concretas que colocan al cooperativismo como actor clave en la construcci\u00f3n de un desarrollo equitativo, solidario y sostenible del Uruguay.<\/p>\n<p style=\"font-weight: 400;\"><strong>La Confederaci\u00f3n Uruguaya de Entidades Cooperativas (Cudecoop), como portavoz del movimiento cooperativo uruguayo, se posiciona en este A\u00f1o Internacional de las Cooperativas como representante clave de la sociedad civil organizada y actor estrat\u00e9gico para el desarrollo del pa\u00eds.<\/strong><\/p>\n<p style=\"font-weight: 400;\">En 2025, declarado por la ONU como el A\u00f1o Internacional de las Cooperativas, el movimiento cooperativo uruguayo se proyecta con fuerza para visibilizar su aporte a la econom\u00eda nacional, a la generaci\u00f3n de empleo y alimentos, al cuidado de las personas y a la construcci\u00f3n de un pa\u00eds m\u00e1s justo y participativo.<\/p>\n<p style=\"font-weight: 400;\">Seg\u00fan los datos del \u00faltimo informe de empleo en el cooperativismo y las sociedades de fomento rural realizado por INACOOP y el Ministerio de Trabajo y Seguridad Social seg\u00fan datos 2023, el empleo en estas organizaciones de la econom\u00eda social son de m\u00e1s de 28.000 puestos de trabajo dejando en evidencia que el cooperativismo impulsa la inversi\u00f3n local.&nbsp;<\/p>\n<p style=\"font-weight: 400;\"><strong>Cudecoop representa a m\u00e1s de 3.000 cooperativas en todo el pa\u00eds y es la \u00fanica organizaci\u00f3n de la sociedad civil integrada en el Comit\u00e9 Nacional Organizador del A\u00f1o Internacional de las Cooperativas. Su rol es clave: escuchar la voz de las cooperativas de todos los sectores, canalizar sus demandas y propuestas, y posicionar al cooperativismo como una opci\u00f3n real y concreta frente a los desaf\u00edos del presente.<\/strong><\/p>\n<p style=\"font-weight: 400;\"><em>\u201cEl cooperativismo no es solo un modelo econ\u00f3mico: es una forma de vivir, producir y organizarnos con principios y valores. Somos aliados en el desarrollo del pa\u00eds: el cooperativismo impulsa empleo, inversi\u00f3n local y bienestar comunitario. Damos soluciones a los problemas sociales y somos responsables en nuestro accionar\u201d<\/em>, afirma el presidente de Cudecoop, Hugo Monta\u00f1o.<\/p>\n<p style=\"font-weight: 400;\">Entre las acciones m\u00e1s relevantes del a\u00f1o, se destaca la organizaci\u00f3n del 6\u00ba Encuentro Nacional de Cooperativas, que se realizar\u00e1 el 6 y 7 de noviembre y reunir\u00e1 a m\u00e1s de 1.000 personas de todo el pa\u00eds, bajo el lema: Un mill\u00f3n de personas construyendo un Uruguay m\u00e1s fuerte, solidario y sostenible. Ser\u00e1 un espacio de intercambio, fortalecimiento identitario y proyecci\u00f3n pol\u00edtica del movimiento.<\/p>\n<p style=\"font-weight: 400;\">Pero m\u00e1s all\u00e1 de los eventos, el cooperativismo busca marcar un posicionamiento estrat\u00e9gico: ser reconocido como aliado de los gobiernos y actor colaborador en la resoluci\u00f3n de los grandes problemas sociales, desde el empleo hasta el acceso a la vivienda, los cuidados, la salud, el cr\u00e9dito, el consumo responsable, la calidad de los alimentos y la sostenibilidad ambiental.<\/p>\n<p><br style=\"font-weight: 400;\"><u style=\"font-weight: 400;\"><strong>Nueve ideas cooperativas para transformar el pa\u00eds<\/strong><\/u><\/p>\n<p style=\"font-weight: 400;\">Desde Cudecoop, el movimiento cooperativo presenta sus propuestas program\u00e1ticas para la discusi\u00f3n presupuestal para este quinquenio. Son ideas concretas que colocan al cooperativismo como actor clave en la construcci\u00f3n de un desarrollo equitativo, solidario y sostenible del Uruguay:<\/p>\n<p style=\"font-weight: 400;\">\u2705 Relanzar las pol\u00edticas p\u00fablicas para el cooperativismo, aprovechando el impulso del A\u00f1o Internacional.<br \/>\n\u2705 Fortalecer la participaci\u00f3n del sector en la cogesti\u00f3n estatal, especialmente en espacios como INACOOP, INEFOP y FONDES.<br \/>\n\u2705 Crear un Gabinete de Econom\u00eda Social, que coordine pol\u00edticas interministeriales para el sector.<br \/>\n\u2705 Ampliar el financiamiento estrat\u00e9gico, con foco en formaci\u00f3n cooperativa e incubaci\u00f3n de nuevas experiencias.<br \/>\n\u2705 Apoyar a los sectores cooperativos m\u00e1s rezagados, con medidas espec\u00edficas y alianzas territoriales.<br \/>\n\u2705 Modernizar el sistema de informaci\u00f3n y control, con registros m\u00e1s accesibles, digitales y compartidos.<br \/>\n\u2705 Incorporar la educaci\u00f3n cooperativa en todo el ciclo educativo y capacitar a funcionarios p\u00fablicos.<br \/>\n\u2705 Jerarquizar el acto cooperativo y promover su participaci\u00f3n en compras p\u00fablicas.<br \/>\n\u2705 Impulsar la igualdad de g\u00e9nero y la participaci\u00f3n juvenil dentro del movimiento.<\/p>\n<p style=\"font-weight: 400;\">\u201cEstas propuestas reflejan una visi\u00f3n de pa\u00eds que apuesta por la democracia econ\u00f3mica, la equidad y el protagonismo de las personas organizadas en comunidad\u201d, explican desde Cudecoop.<\/p>\n<p><br style=\"font-weight: 400;\"><u style=\"font-weight: 400;\"><strong>Alta dirigencia cooperativa abierta al di\u00e1logo<\/strong><\/u><\/p>\n<p style=\"font-weight: 400;\">Durante 2025, invitamos a periodistas y medios a conocer de cerca este movimiento que construye econom\u00eda con valores. La dirigencia cooperativa est\u00e1 disponible para entrevistas, visitas a cooperativas, historias humanas y coberturas en todo el pa\u00eds.<\/p>\n","protected":false},"excerpt":{"rendered":"<p>GACETILLA DE PRENSA En el D\u00eda de las y los trabajadores y el A\u00f1o Internacional de las Cooperativas.&nbsp; En cada rinc\u00f3n del pa\u00eds, desde cooperativas agrarias hasta sistemas de vivienda, trabajo, cr\u00e9dito, salud, transporte, cuidado o consumo, el cooperativismo con su trabajo sostiene la vida cotidiana de miles de uruguayos.&nbsp; En este A\u00f1o Internacional de las Cooperativas y D\u00eda del trabajo, el movimiento se propone visibilizar su verdadero rol: ser motor de una econom\u00eda solidaria, con rostro humano y compromiso territorial. Por eso el movimiento cooperativo presenta sus propuestas program\u00e1ticas para la discusi\u00f3n presupuestal para este quinquenio. Son ideas concretas [&#8230;]<\/p>\n","protected":false},"author":27,"featured_media":5017,"comment_status":"open","ping_status":"open","sticky":false,"template":"","format":"standard","meta":{"_acf_changed":false,"ngg_post_thumbnail":0,"footnotes":""},"categories":[7,6,1],"tags":[],"class_list":["post-5015","post","type-post","status-publish","format-standard","has-post-thumbnail","hentry","category-cooperativas","category-institucionales","category-noticias"],"acf":[],"_links":{"self":[{"href":"https:\/\/www.cudecoop.coop\/cudecoop\/wp-json\/wp\/v2\/posts\/5015","targetHints":{"allow":["GET"]}}],"collection":[{"href":"https:\/\/www.cudecoop.coop\/cudecoop\/wp-json\/wp\/v2\/posts"}],"about":[{"href":"https:\/\/www.cudecoop.coop\/cudecoop\/wp-json\/wp\/v2\/types\/post"}],"author":[{"embeddable":true,"href":"https:\/\/www.cudecoop.coop\/cudecoop\/wp-json\/wp\/v2\/users\/27"}],"replies":[{"embeddable":true,"href":"https:\/\/www.cudecoop.coop\/cudecoop\/wp-json\/wp\/v2\/comments?post=5015"}],"version-history":[{"count":1,"href":"https:\/\/www.cudecoop.coop\/cudecoop\/wp-json\/wp\/v2\/posts\/5015\/revisions"}],"predecessor-version":[{"id":5016,"href":"https:\/\/www.cudecoop.coop\/cudecoop\/wp-json\/wp\/v2\/posts\/5015\/revisions\/5016"}],"wp:featuredmedia":[{"embeddable":true,"href":"https:\/\/www.cudecoop.coop\/cudecoop\/wp-json\/wp\/v2\/media\/5017"}],"wp:attachment":[{"href":"https:\/\/www.cudecoop.coop\/cudecoop\/wp-json\/wp\/v2\/media?parent=5015"}],"wp:term":[{"taxonomy":"category","embeddable":true,"href":"https:\/\/www.cudecoop.coop\/cudecoop\/wp-json\/wp\/v2\/categories?post=5015"},{"taxonomy":"post_tag","embeddable":true,"href":"https:\/\/www.cudecoop.coop\/cudecoop\/wp-json\/wp\/v2\/tags?post=5015"}],"curies":[{"name":"wp","href":"https:\/\/api.w.org\/{rel}","templated":true}]}}