{"id":5012,"date":"2025-04-28T16:28:49","date_gmt":"2025-04-28T19:28:49","guid":{"rendered":"https:\/\/www.cudecoop.coop\/cudecoop\/?p=5012"},"modified":"2025-05-06T11:14:43","modified_gmt":"2025-05-06T14:14:43","slug":"llamado-a-consultoria-evaluacion-del-programa-de-formacion-cooperativa-procoop","status":"publish","type":"post","link":"https:\/\/www.cudecoop.coop\/cudecoop\/llamado-a-consultoria-evaluacion-del-programa-de-formacion-cooperativa-procoop\/","title":{"rendered":"Llamado a consultor\u00eda: evaluaci\u00f3n del Programa de Formaci\u00f3n Cooperativa &#8211; Procoop"},"content":{"rendered":"<div data-breakout=\"normal\">\n<p id=\"viewer-l2t25255\" class=\"_01XM8 l-P5G XU0fI Qa8lH\" dir=\"auto\"><span class=\"BrKEk\">En el marco del Programa de Formaci\u00f3n Cooperativa, Procoop, convocamos a personas interesadas en postular proyectos para realizar una evaluaci\u00f3n de eficiencia, resultados e impacto de las acciones comprendidas en el Programa, siguiendo al menos las siguientes dimensiones de an\u00e1lisis:<\/span><\/p>\n<\/div>\n<div data-breakout=\"normal\">\n<p id=\"viewer-xzp0b262\" class=\"_01XM8 l-P5G XU0fI Qa8lH\" dir=\"auto\"><span class=\"BrKEk\">\u2022 Impacto en el capital humano (en la formaci\u00f3n interna) y en el capital social de <\/span><span style=\"font-size: 1rem;\">las cooperativas y entidades de la Econom\u00eda social y solidaria participantes.<\/span><\/p>\n<p class=\"_01XM8 l-P5G XU0fI Qa8lH\" dir=\"auto\"><span style=\"font-size: 1rem;\">\u2022 Valoraci\u00f3n de mejoras de gesti\u00f3n a partir de las formaciones recibidas en las o<\/span><span style=\"font-size: 1rem;\">rganizaciones beneficiarias.<\/span><\/p>\n<p class=\"_01XM8 l-P5G XU0fI Qa8lH\" dir=\"auto\"><span style=\"font-size: 1rem;\">\u2022 Evaluaci\u00f3n de la gesti\u00f3n del Procoop en su evoluci\u00f3n de dos a\u00f1os del ERDE en <\/span><span style=\"font-size: 1rem;\">cada uno de los componentes mencionados.<\/span><\/p>\n<\/div>\n<div data-hook=\"rcv-block8\"><span style=\"font-size: 1rem;\"> Las propuestas se recibir\u00e1n s\u00f3lo por mail a procoop@inacoop.org.uy<\/span><\/div>\n<div data-hook=\"rcv-block8\"><span style=\"font-size: 1rem;\">Plazo de presentaci\u00f3n de proyectos: lunes 12 de mayo a las 12:00 hs.<\/span><\/div>\n","protected":false},"excerpt":{"rendered":"<p>En el marco del Programa de Formaci\u00f3n Cooperativa, Procoop, convocamos a personas interesadas en postular proyectos para realizar una evaluaci\u00f3n de eficiencia, resultados e impacto de las acciones comprendidas en el Programa, siguiendo al menos las siguientes dimensiones de an\u00e1lisis: \u2022 Impacto en el capital humano (en la formaci\u00f3n interna) y en el capital social de las cooperativas y entidades de la Econom\u00eda social y solidaria participantes. \u2022 Valoraci\u00f3n de mejoras de gesti\u00f3n a partir de las formaciones recibidas en las organizaciones beneficiarias. \u2022 Evaluaci\u00f3n de la gesti\u00f3n del Procoop en su evoluci\u00f3n de dos a\u00f1os del ERDE en cada [&#8230;]<\/p>\n","protected":false},"author":27,"featured_media":5023,"comment_status":"open","ping_status":"open","sticky":false,"template":"","format":"standard","meta":{"_acf_changed":false,"ngg_post_thumbnail":0,"footnotes":""},"categories":[7,6,1],"tags":[],"class_list":["post-5012","post","type-post","status-publish","format-standard","has-post-thumbnail","hentry","category-cooperativas","category-institucionales","category-noticias"],"acf":[],"_links":{"self":[{"href":"https:\/\/www.cudecoop.coop\/cudecoop\/wp-json\/wp\/v2\/posts\/5012","targetHints":{"allow":["GET"]}}],"collection":[{"href":"https:\/\/www.cudecoop.coop\/cudecoop\/wp-json\/wp\/v2\/posts"}],"about":[{"href":"https:\/\/www.cudecoop.coop\/cudecoop\/wp-json\/wp\/v2\/types\/post"}],"author":[{"embeddable":true,"href":"https:\/\/www.cudecoop.coop\/cudecoop\/wp-json\/wp\/v2\/users\/27"}],"replies":[{"embeddable":true,"href":"https:\/\/www.cudecoop.coop\/cudecoop\/wp-json\/wp\/v2\/comments?post=5012"}],"version-history":[{"count":1,"href":"https:\/\/www.cudecoop.coop\/cudecoop\/wp-json\/wp\/v2\/posts\/5012\/revisions"}],"predecessor-version":[{"id":5014,"href":"https:\/\/www.cudecoop.coop\/cudecoop\/wp-json\/wp\/v2\/posts\/5012\/revisions\/5014"}],"wp:featuredmedia":[{"embeddable":true,"href":"https:\/\/www.cudecoop.coop\/cudecoop\/wp-json\/wp\/v2\/media\/5023"}],"wp:attachment":[{"href":"https:\/\/www.cudecoop.coop\/cudecoop\/wp-json\/wp\/v2\/media?parent=5012"}],"wp:term":[{"taxonomy":"category","embeddable":true,"href":"https:\/\/www.cudecoop.coop\/cudecoop\/wp-json\/wp\/v2\/categories?post=5012"},{"taxonomy":"post_tag","embeddable":true,"href":"https:\/\/www.cudecoop.coop\/cudecoop\/wp-json\/wp\/v2\/tags?post=5012"}],"curies":[{"name":"wp","href":"https:\/\/api.w.org\/{rel}","templated":true}]}}