{"id":5002,"date":"2025-04-25T14:53:22","date_gmt":"2025-04-25T17:53:22","guid":{"rendered":"https:\/\/www.cudecoop.coop\/cudecoop\/?p=5002"},"modified":"2025-04-25T14:53:22","modified_gmt":"2025-04-25T17:53:22","slug":"se-realizo-el-encuentro-de-analisis-economico-y-estrategico","status":"publish","type":"post","link":"https:\/\/www.cudecoop.coop\/cudecoop\/se-realizo-el-encuentro-de-analisis-economico-y-estrategico\/","title":{"rendered":"Se realiz\u00f3 el Encuentro de an\u00e1lisis econ\u00f3mico y estrat\u00e9gico"},"content":{"rendered":"<p>El mi\u00e9rcoles 23 de abril, en instalaciones del Espacio Colabora, se realiz\u00f3 el <b>Encuentro de an\u00e1lisis econ\u00f3mico y estrat\u00e9gico&nbsp;<\/b>del que participaron m\u00e1s de cuarenta personas de forma presencial y virtual,&nbsp; desde diferentes partes del pa\u00eds.&nbsp;<\/p>\n<p>La apertura estuvo a cargo de Hugo Monta\u00f1o, presidente de Cudecoop, quien destac\u00f3 la importancia de estas instancias para el avance de la creaci\u00f3n del nuevo Plan Estrat\u00e9gico de la Confederaci\u00f3n, y la exposici\u00f3n fue desarrollada por la Directora del Instituto de Econom\u00eda de la Facultad de Ciencias Econ\u00f3micas y Administraci\u00f3n de Udelar, Cra. Gabriela Mordecki, quien expuso sobre el contexto econ\u00f3mico actual y su impactos en las cooperativas.<\/p>\n<p>En su presentaci\u00f3n Mordecki propuso distintos disparadores sobre la situaci\u00f3n econ\u00f3mica global y regional, enfoc\u00e1ndose en los desaf\u00edos que enfrentan Uruguay y junto a sus pa\u00edses vecinos. Se analizaron diversos aspectos econ\u00f3micos como el crecimiento del PIB, la inflaci\u00f3n, el desempleo y la deuda p\u00fablica en Uruguay, Argentina y Brasil, destacando el impacto de la pandemia y otros factores externos.<\/p>\n<p>La sesi\u00f3n concluy\u00f3 con un espacio de intercambio del que surgieron aportes sobre posibles soluciones para abordar los problemas econ\u00f3micos actuales, incluyendo propuestas para el financiamiento de viviendas y la revisi\u00f3n del sistema impositivo.<\/p>\n<p><u><\/u><u><\/u>La presentaci\u00f3n se encuentra disponible <a href=\"https:\/\/drive.google.com\/file\/d\/1_pRR7_vEG8lzO8Zp262w5QHGwQH1n7ZR\/view?usp=sharing\">aqu\u00ed&nbsp;<\/a><\/p>\n<p>Esta jornada tuvo como objetivo reflexionar en conjunto sobre las posibles consecuencias de este panorama en el sector de las empresas asociativas, as\u00ed como explorar el uso estrat\u00e9gico de esta informaci\u00f3n tanto para la gesti\u00f3n inmediata como para la toma de decisiones a nivel de la Confederaci\u00f3n, las Federaciones y las cooperativas.<\/p>\n<p>La transmisi\u00f3n de este encuentro se encuentra disponible <a href=\"https:\/\/www.youtube.com\/live\/yVIv7GDvleE?feature=shared\">aqu\u00ed<\/a><\/p>\n<p>Esta actividad se desarrolla dentro de las actividades formativas apoyadas&nbsp; por el Instituto Nacional de Empleo y Formaci\u00f3n Profesional.<\/p>\n","protected":false},"excerpt":{"rendered":"<p>El mi\u00e9rcoles 23 de abril, en instalaciones del Espacio Colabora, se realiz\u00f3 el Encuentro de an\u00e1lisis econ\u00f3mico y estrat\u00e9gico&nbsp;del que participaron m\u00e1s de cuarenta personas de forma presencial y virtual,&nbsp; desde diferentes partes del pa\u00eds.&nbsp; La apertura estuvo a cargo de Hugo Monta\u00f1o, presidente de Cudecoop, quien destac\u00f3 la importancia de estas instancias para el avance de la creaci\u00f3n del nuevo Plan Estrat\u00e9gico de la Confederaci\u00f3n, y la exposici\u00f3n fue desarrollada por la Directora del Instituto de Econom\u00eda de la Facultad de Ciencias Econ\u00f3micas y Administraci\u00f3n de Udelar, Cra. Gabriela Mordecki, quien expuso sobre el contexto econ\u00f3mico actual y su [&#8230;]<\/p>\n","protected":false},"author":27,"featured_media":5003,"comment_status":"open","ping_status":"open","sticky":false,"template":"","format":"standard","meta":{"_acf_changed":false,"ngg_post_thumbnail":0,"footnotes":""},"categories":[7,6,1],"tags":[],"class_list":["post-5002","post","type-post","status-publish","format-standard","has-post-thumbnail","hentry","category-cooperativas","category-institucionales","category-noticias"],"acf":[],"_links":{"self":[{"href":"https:\/\/www.cudecoop.coop\/cudecoop\/wp-json\/wp\/v2\/posts\/5002","targetHints":{"allow":["GET"]}}],"collection":[{"href":"https:\/\/www.cudecoop.coop\/cudecoop\/wp-json\/wp\/v2\/posts"}],"about":[{"href":"https:\/\/www.cudecoop.coop\/cudecoop\/wp-json\/wp\/v2\/types\/post"}],"author":[{"embeddable":true,"href":"https:\/\/www.cudecoop.coop\/cudecoop\/wp-json\/wp\/v2\/users\/27"}],"replies":[{"embeddable":true,"href":"https:\/\/www.cudecoop.coop\/cudecoop\/wp-json\/wp\/v2\/comments?post=5002"}],"version-history":[{"count":1,"href":"https:\/\/www.cudecoop.coop\/cudecoop\/wp-json\/wp\/v2\/posts\/5002\/revisions"}],"predecessor-version":[{"id":5006,"href":"https:\/\/www.cudecoop.coop\/cudecoop\/wp-json\/wp\/v2\/posts\/5002\/revisions\/5006"}],"wp:featuredmedia":[{"embeddable":true,"href":"https:\/\/www.cudecoop.coop\/cudecoop\/wp-json\/wp\/v2\/media\/5003"}],"wp:attachment":[{"href":"https:\/\/www.cudecoop.coop\/cudecoop\/wp-json\/wp\/v2\/media?parent=5002"}],"wp:term":[{"taxonomy":"category","embeddable":true,"href":"https:\/\/www.cudecoop.coop\/cudecoop\/wp-json\/wp\/v2\/categories?post=5002"},{"taxonomy":"post_tag","embeddable":true,"href":"https:\/\/www.cudecoop.coop\/cudecoop\/wp-json\/wp\/v2\/tags?post=5002"}],"curies":[{"name":"wp","href":"https:\/\/api.w.org\/{rel}","templated":true}]}}