{"id":4995,"date":"2025-04-10T14:34:53","date_gmt":"2025-04-10T17:34:53","guid":{"rendered":"https:\/\/www.cudecoop.coop\/cudecoop\/?p=4995"},"modified":"2025-04-10T14:35:41","modified_gmt":"2025-04-10T17:35:41","slug":"ejecutivo-recibe-a-veronica-pineiro","status":"publish","type":"post","link":"https:\/\/www.cudecoop.coop\/cudecoop\/ejecutivo-recibe-a-veronica-pineiro\/","title":{"rendered":"Ejecutivo recibe a Ver\u00f3nica Pi\u00f1eiro"},"content":{"rendered":"<p>El Comit\u00e9 Ejecutivo de Cudecoop recibi\u00f3 la visita de Ver\u00f3nica Pi\u00f1eiro, candidata&nbsp; a la Intendencia de Montevideo por el Frente Amplio.<\/p>\n<p>En esta reuni\u00f3n de la que participaron la candidata junto a su equipo asesor e integrantes del Comit\u00e9 Ejecutivo de Cudecoop, intercambiaron sobre la posibilidad de que exista mayor articulaci\u00f3n del movimiento cooperativo con la Intendencia. Tambi\u00e9n se trataron temas como: la importancia de la cartera de tierras para las cooperativas de vivienda, las contrataciones de cooperativas de trabajo con la Comuna y el c\u00f3mo reforzar el rol del movimiento cooperativo como socio estrat\u00e9gico de las Intendencia para afrontar las necesidades de la sociedad. Se compartieron las Propuestas Program\u00e1ticas y el compromiso del desarrollo com\u00fan de la comunidad<\/p>\n<p>Estos intercambios se dan en el entendido de que las cooperativas en su contribuci\u00f3n al desarrollo territorial, necesitan mayor espacios de articulaci\u00f3n y vinculaci\u00f3n con los gobiernos departamentales y municipales.&nbsp;<\/p>\n<p>En las pr\u00f3ximas semanas continuaremos con las rondas de&nbsp; presentaciones de las Propuestas Program\u00e1ticas del Cooperativismo&nbsp; a candidatos a las Intendencias Departamentales, en vistas a las elecciones de los Gobiernos Departamentales en mayo pr\u00f3ximo.<\/p>\n","protected":false},"excerpt":{"rendered":"<p>El Comit\u00e9 Ejecutivo de Cudecoop recibi\u00f3 la visita de Ver\u00f3nica Pi\u00f1eiro, candidata&nbsp; a la Intendencia de Montevideo por el Frente Amplio. En esta reuni\u00f3n de la que participaron la candidata junto a su equipo asesor e integrantes del Comit\u00e9 Ejecutivo de Cudecoop, intercambiaron sobre la posibilidad de que exista mayor articulaci\u00f3n del movimiento cooperativo con la Intendencia. Tambi\u00e9n se trataron temas como: la importancia de la cartera de tierras para las cooperativas de vivienda, las contrataciones de cooperativas de trabajo con la Comuna y el c\u00f3mo reforzar el rol del movimiento cooperativo como socio estrat\u00e9gico de las Intendencia para afrontar [&#8230;]<\/p>\n","protected":false},"author":27,"featured_media":4996,"comment_status":"open","ping_status":"open","sticky":false,"template":"","format":"standard","meta":{"_acf_changed":false,"ngg_post_thumbnail":0,"footnotes":""},"categories":[7,6,1],"tags":[],"class_list":["post-4995","post","type-post","status-publish","format-standard","has-post-thumbnail","hentry","category-cooperativas","category-institucionales","category-noticias"],"acf":[],"_links":{"self":[{"href":"https:\/\/www.cudecoop.coop\/cudecoop\/wp-json\/wp\/v2\/posts\/4995","targetHints":{"allow":["GET"]}}],"collection":[{"href":"https:\/\/www.cudecoop.coop\/cudecoop\/wp-json\/wp\/v2\/posts"}],"about":[{"href":"https:\/\/www.cudecoop.coop\/cudecoop\/wp-json\/wp\/v2\/types\/post"}],"author":[{"embeddable":true,"href":"https:\/\/www.cudecoop.coop\/cudecoop\/wp-json\/wp\/v2\/users\/27"}],"replies":[{"embeddable":true,"href":"https:\/\/www.cudecoop.coop\/cudecoop\/wp-json\/wp\/v2\/comments?post=4995"}],"version-history":[{"count":1,"href":"https:\/\/www.cudecoop.coop\/cudecoop\/wp-json\/wp\/v2\/posts\/4995\/revisions"}],"predecessor-version":[{"id":4997,"href":"https:\/\/www.cudecoop.coop\/cudecoop\/wp-json\/wp\/v2\/posts\/4995\/revisions\/4997"}],"wp:featuredmedia":[{"embeddable":true,"href":"https:\/\/www.cudecoop.coop\/cudecoop\/wp-json\/wp\/v2\/media\/4996"}],"wp:attachment":[{"href":"https:\/\/www.cudecoop.coop\/cudecoop\/wp-json\/wp\/v2\/media?parent=4995"}],"wp:term":[{"taxonomy":"category","embeddable":true,"href":"https:\/\/www.cudecoop.coop\/cudecoop\/wp-json\/wp\/v2\/categories?post=4995"},{"taxonomy":"post_tag","embeddable":true,"href":"https:\/\/www.cudecoop.coop\/cudecoop\/wp-json\/wp\/v2\/tags?post=4995"}],"curies":[{"name":"wp","href":"https:\/\/api.w.org\/{rel}","templated":true}]}}