{"id":4992,"date":"2025-04-10T17:27:06","date_gmt":"2025-04-10T20:27:06","guid":{"rendered":"https:\/\/www.cudecoop.coop\/cudecoop\/?p=4992"},"modified":"2025-04-10T17:27:06","modified_gmt":"2025-04-10T20:27:06","slug":"san-jose-de-mayo-sera-capital-nacional-del-cooperativismo-2025","status":"publish","type":"post","link":"https:\/\/www.cudecoop.coop\/cudecoop\/san-jose-de-mayo-sera-capital-nacional-del-cooperativismo-2025\/","title":{"rendered":"San Jos\u00e9 de Mayo ser\u00e1 Capital Nacional del Cooperativismo 2025"},"content":{"rendered":"<p><span style=\"font-size: 1rem;\">Se aprob\u00f3 en el Parlamento la designaci\u00f3n de San Jos\u00e9 de Mayo como Capital Nacional del Cooperativismo para este 2025.&nbsp;&nbsp;<\/span><\/p>\n<p>Desde el a\u00f1o 2014 se designa una Ciudad como Capital del Cooperativismo, este 2025 coincide adem\u00e1s con el A\u00f1o Internacional de las Cooperativas declarado por la Organizaci\u00f3n de las Naciones Unidas (ONU).<\/p>\n<p>Desde la Confederaci\u00f3n Uruguaya de Entidades Cooperativas (Cudecoop) celebramos este hito que una vez m\u00e1s enmarca las actividades como forma de visibilizar el cooperativismo local y regional.<\/p>\n<p>En el marco del Programa de Desarrollo Territorial Cooperativo, impulsado por Cudecoop y financiado por el Instituto Nacional del Cooperativismo (Inacoop), estamos trabajando para la inauguraci\u00f3n de la Mesa Intercooperativa de San Jos\u00e9, y el pr\u00f3ximo 22 de abril en San Jos\u00e9 de Mayo se realizar\u00e1 la primera reuni\u00f3n informativa para cooperativistas del Departamento.&nbsp;<\/p>\n","protected":false},"excerpt":{"rendered":"<p>Se aprob\u00f3 en el Parlamento la designaci\u00f3n de San Jos\u00e9 de Mayo como Capital Nacional del Cooperativismo para este 2025.&nbsp;&nbsp; Desde el a\u00f1o 2014 se designa una Ciudad como Capital del Cooperativismo, este 2025 coincide adem\u00e1s con el A\u00f1o Internacional de las Cooperativas declarado por la Organizaci\u00f3n de las Naciones Unidas (ONU). Desde la Confederaci\u00f3n Uruguaya de Entidades Cooperativas (Cudecoop) celebramos este hito que una vez m\u00e1s enmarca las actividades como forma de visibilizar el cooperativismo local y regional. En el marco del Programa de Desarrollo Territorial Cooperativo, impulsado por Cudecoop y financiado por el Instituto Nacional del Cooperativismo (Inacoop), [&#8230;]<\/p>\n","protected":false},"author":27,"featured_media":4993,"comment_status":"open","ping_status":"open","sticky":false,"template":"","format":"standard","meta":{"_acf_changed":false,"ngg_post_thumbnail":0,"footnotes":""},"categories":[7,6,1],"tags":[],"class_list":["post-4992","post","type-post","status-publish","format-standard","has-post-thumbnail","hentry","category-cooperativas","category-institucionales","category-noticias"],"acf":[],"_links":{"self":[{"href":"https:\/\/www.cudecoop.coop\/cudecoop\/wp-json\/wp\/v2\/posts\/4992","targetHints":{"allow":["GET"]}}],"collection":[{"href":"https:\/\/www.cudecoop.coop\/cudecoop\/wp-json\/wp\/v2\/posts"}],"about":[{"href":"https:\/\/www.cudecoop.coop\/cudecoop\/wp-json\/wp\/v2\/types\/post"}],"author":[{"embeddable":true,"href":"https:\/\/www.cudecoop.coop\/cudecoop\/wp-json\/wp\/v2\/users\/27"}],"replies":[{"embeddable":true,"href":"https:\/\/www.cudecoop.coop\/cudecoop\/wp-json\/wp\/v2\/comments?post=4992"}],"version-history":[{"count":2,"href":"https:\/\/www.cudecoop.coop\/cudecoop\/wp-json\/wp\/v2\/posts\/4992\/revisions"}],"predecessor-version":[{"id":4998,"href":"https:\/\/www.cudecoop.coop\/cudecoop\/wp-json\/wp\/v2\/posts\/4992\/revisions\/4998"}],"wp:featuredmedia":[{"embeddable":true,"href":"https:\/\/www.cudecoop.coop\/cudecoop\/wp-json\/wp\/v2\/media\/4993"}],"wp:attachment":[{"href":"https:\/\/www.cudecoop.coop\/cudecoop\/wp-json\/wp\/v2\/media?parent=4992"}],"wp:term":[{"taxonomy":"category","embeddable":true,"href":"https:\/\/www.cudecoop.coop\/cudecoop\/wp-json\/wp\/v2\/categories?post=4992"},{"taxonomy":"post_tag","embeddable":true,"href":"https:\/\/www.cudecoop.coop\/cudecoop\/wp-json\/wp\/v2\/tags?post=4992"}],"curies":[{"name":"wp","href":"https:\/\/api.w.org\/{rel}","templated":true}]}}