{"id":4983,"date":"2025-04-08T18:04:38","date_gmt":"2025-04-08T21:04:38","guid":{"rendered":"https:\/\/www.cudecoop.coop\/cudecoop\/?p=4983"},"modified":"2025-04-28T14:27:10","modified_gmt":"2025-04-28T17:27:10","slug":"encuentro-de-analisis-economico-y-estrategico","status":"publish","type":"post","link":"https:\/\/www.cudecoop.coop\/cudecoop\/encuentro-de-analisis-economico-y-estrategico\/","title":{"rendered":"Encuentro de an\u00e1lisis econ\u00f3mico y estrat\u00e9gico"},"content":{"rendered":"<p>Cudecoop tiene el agrado de invitar a dirigentas\/es, socias\/es, funcionarias\/es y t\u00e9cnicas\/es del movimiento cooperativo a participar de un espacio de informaci\u00f3n, an\u00e1lisis e intercambio sobre la evoluci\u00f3n de las variables econ\u00f3micas a nivel regional y nacional.<\/p>\n<p>El objetivo de este encuentro es reflexionar en conjunto sobre las posibles consecuencias de este panorama en el sector de las empresas asociativas, as\u00ed como explorar el uso estrat\u00e9gico de esta informaci\u00f3n tanto para la gesti\u00f3n inmediata como para la toma de decisiones a nivel de la Confederaci\u00f3n, las Federaciones y las cooperativas.<\/p>\n<p><strong>Expositora:<\/strong><br \/>\n<strong>Prof. Ec. Gabriela Mordecki<\/strong><br \/>\nDirectora del Departamento de Econom\u00eda de la Facultad de Ciencias Econ\u00f3micas y de Administraci\u00f3n<\/p>\n<p>\ud83d\udcc5&nbsp;<strong>Mi\u00e9rcoles 23 de abril<\/strong><br \/>\n\ud83d\udd61&nbsp;<strong>18:30 horas<\/strong><br \/>\n\ud83d\udccd&nbsp;<strong>Espacio Colabora<\/strong>&nbsp;(Arenal Grande entre Av. Uruguay y Mercedes)<br \/>\n\ud83d\udcbb&nbsp;<strong>Modalidad virtual por Zoom<\/strong><br \/>\n(Luego de la inscripci\u00f3n, se enviar\u00e1 un correo de confirmaci\u00f3n con el enlace para unirse al seminario)<\/p>\n<p><strong>Inscripciones<\/strong> <a href=\"https:\/\/forms.gle\/6aB3TnDVgAsQ4PPR7\">aqu\u00ed<\/a><\/p>\n<p>Una oportunidad para pensar colectivamente los desaf\u00edos y oportunidades del contexto actual.<\/p>\n<p>\u00a1Les esperamos!<\/p>\n","protected":false},"excerpt":{"rendered":"<p>Cudecoop tiene el agrado de invitar a dirigentas\/es, socias\/es, funcionarias\/es y t\u00e9cnicas\/es del movimiento cooperativo a participar de un espacio de informaci\u00f3n, an\u00e1lisis e intercambio sobre la evoluci\u00f3n de las variables econ\u00f3micas a nivel regional y nacional. El objetivo de este encuentro es reflexionar en conjunto sobre las posibles consecuencias de este panorama en el sector de las empresas asociativas, as\u00ed como explorar el uso estrat\u00e9gico de esta informaci\u00f3n tanto para la gesti\u00f3n inmediata como para la toma de decisiones a nivel de la Confederaci\u00f3n, las Federaciones y las cooperativas. Expositora:<br \/> Prof. Ec. Gabriela Mordecki<br \/> Directora del Departamento [&#8230;]<\/p>\n","protected":false},"author":27,"featured_media":4985,"comment_status":"open","ping_status":"open","sticky":false,"template":"","format":"standard","meta":{"_acf_changed":false,"ngg_post_thumbnail":0,"footnotes":""},"categories":[7,6,1],"tags":[],"class_list":["post-4983","post","type-post","status-publish","format-standard","has-post-thumbnail","hentry","category-cooperativas","category-institucionales","category-noticias"],"acf":[],"_links":{"self":[{"href":"https:\/\/www.cudecoop.coop\/cudecoop\/wp-json\/wp\/v2\/posts\/4983","targetHints":{"allow":["GET"]}}],"collection":[{"href":"https:\/\/www.cudecoop.coop\/cudecoop\/wp-json\/wp\/v2\/posts"}],"about":[{"href":"https:\/\/www.cudecoop.coop\/cudecoop\/wp-json\/wp\/v2\/types\/post"}],"author":[{"embeddable":true,"href":"https:\/\/www.cudecoop.coop\/cudecoop\/wp-json\/wp\/v2\/users\/27"}],"replies":[{"embeddable":true,"href":"https:\/\/www.cudecoop.coop\/cudecoop\/wp-json\/wp\/v2\/comments?post=4983"}],"version-history":[{"count":1,"href":"https:\/\/www.cudecoop.coop\/cudecoop\/wp-json\/wp\/v2\/posts\/4983\/revisions"}],"predecessor-version":[{"id":4986,"href":"https:\/\/www.cudecoop.coop\/cudecoop\/wp-json\/wp\/v2\/posts\/4983\/revisions\/4986"}],"wp:featuredmedia":[{"embeddable":true,"href":"https:\/\/www.cudecoop.coop\/cudecoop\/wp-json\/wp\/v2\/media\/4985"}],"wp:attachment":[{"href":"https:\/\/www.cudecoop.coop\/cudecoop\/wp-json\/wp\/v2\/media?parent=4983"}],"wp:term":[{"taxonomy":"category","embeddable":true,"href":"https:\/\/www.cudecoop.coop\/cudecoop\/wp-json\/wp\/v2\/categories?post=4983"},{"taxonomy":"post_tag","embeddable":true,"href":"https:\/\/www.cudecoop.coop\/cudecoop\/wp-json\/wp\/v2\/tags?post=4983"}],"curies":[{"name":"wp","href":"https:\/\/api.w.org\/{rel}","templated":true}]}}