{"id":4980,"date":"2025-04-08T18:55:41","date_gmt":"2025-04-08T21:55:41","guid":{"rendered":"https:\/\/www.cudecoop.coop\/cudecoop\/?p=4980"},"modified":"2025-04-09T10:55:06","modified_gmt":"2025-04-09T13:55:06","slug":"salto-intercambio-con-candidatos-al-gobierno-departamental","status":"publish","type":"post","link":"https:\/\/www.cudecoop.coop\/cudecoop\/salto-intercambio-con-candidatos-al-gobierno-departamental\/","title":{"rendered":"Salto &#8211; Intercambio con candidatos al Gobierno Departamental"},"content":{"rendered":"<p>Desde la Mesa Intercooperativa de Salto, en el marco del Programa de Desarrollo Cooperativo Territorial de Cudecoop, se realiz\u00f3 el lunes 7 de abril un encuentro del que participaron los candidatos a la Intendencia del Departamento por los diferentes partidos pol\u00edticos, para intercambiar con decenas de cooperativistas que se hicieron presentes.&nbsp;<\/p>\n<p>Participaron los candidatos Walter Texteira Nu\u00f1ez, por la f\u00f3rmula del Partido Nacional, Marcelo Malaquina por el Partido Colorado, Gustavo Chiriff (FA), Alvaro Lima (FA) y Ram\u00f3n Fonticiella (FA); Sergio Diz, vicepresidente de Cudecoop y Gustavo Cardozo (Confiar), representante del Consejo Directivo de Cudecoop.<\/p>\n<p>De esta actividad, en la que que por primera vez participaron en conjunto todos los candidatos, se estableci\u00f3 el compromiso colectivo de recoger las propuestas planteadas por el movimiento cooperativo tanto a nivel local como nacional.&nbsp; Se intercambi\u00f3 sobre las necesidades, demandas y oportunidades del movimiento cooperativo de cara a un nuevo per\u00edodo de gobierno. Cooperativistas locales en representaci\u00f3n de todas las clases cooperativas expusieron en voz propia los distintos puntos a los candidatos. Adem\u00e1s, se presentaron las Propuestas Program\u00e1ticas del cooperativismo tratadas a nivel nacional con motivo a las \u00faltimas elecciones nacionales.<\/p>\n<p>Reforzando lo propuesto en el conversatorio &#8220;<a href=\"https:\/\/www.cudecoop.coop\/cudecoop\/se-realizo-el-conversatorio-cudecoop-en-territorio\/\">Cudecoop en territorio<\/a>&#8221; desarrollado d\u00edas atr\u00e1s en intercambio con el Comit\u00e9 Ejecutivo de Cudecoop, las y los cooperativistas presentes hicieron sus planteos vinculados a: cartera de tierras, exhortaci\u00f3n a la contribuci\u00f3n inmobiliaria, acceso a los servicios, formalizaci\u00f3n de trabajadores y trabajadoras, m\u00e1s fuentes de trabajo para las cooperativas existentes (cuidados, sociales, compras p\u00fablicas locales); entre otros temas.&nbsp;<\/p>\n<p>Este encuentro se enmarca en un ciclo de intercambios que se desarrolla en diferentes Departamentos para acercar las propuestas y necesidades de cada territorio a candidatas y candidatos a las Intendencias.<\/p>\n","protected":false},"excerpt":{"rendered":"<p>Desde la Mesa Intercooperativa de Salto, en el marco del Programa de Desarrollo Cooperativo Territorial de Cudecoop, se realiz\u00f3 el lunes 7 de abril un encuentro del que participaron los candidatos a la Intendencia del Departamento por los diferentes partidos pol\u00edticos, para intercambiar con decenas de cooperativistas que se hicieron presentes.&nbsp; Participaron los candidatos Walter Texteira Nu\u00f1ez, por la f\u00f3rmula del Partido Nacional, Marcelo Malaquina por el Partido Colorado, Gustavo Chiriff (FA), Alvaro Lima (FA) y Ram\u00f3n Fonticiella (FA); Sergio Diz, vicepresidente de Cudecoop y Gustavo Cardozo (Confiar), representante del Consejo Directivo de Cudecoop. De esta actividad, en la que [&#8230;]<\/p>\n","protected":false},"author":27,"featured_media":4989,"comment_status":"open","ping_status":"open","sticky":false,"template":"","format":"standard","meta":{"_acf_changed":false,"ngg_post_thumbnail":0,"footnotes":""},"categories":[7,6,1],"tags":[],"class_list":["post-4980","post","type-post","status-publish","format-standard","has-post-thumbnail","hentry","category-cooperativas","category-institucionales","category-noticias"],"acf":[],"_links":{"self":[{"href":"https:\/\/www.cudecoop.coop\/cudecoop\/wp-json\/wp\/v2\/posts\/4980","targetHints":{"allow":["GET"]}}],"collection":[{"href":"https:\/\/www.cudecoop.coop\/cudecoop\/wp-json\/wp\/v2\/posts"}],"about":[{"href":"https:\/\/www.cudecoop.coop\/cudecoop\/wp-json\/wp\/v2\/types\/post"}],"author":[{"embeddable":true,"href":"https:\/\/www.cudecoop.coop\/cudecoop\/wp-json\/wp\/v2\/users\/27"}],"replies":[{"embeddable":true,"href":"https:\/\/www.cudecoop.coop\/cudecoop\/wp-json\/wp\/v2\/comments?post=4980"}],"version-history":[{"count":3,"href":"https:\/\/www.cudecoop.coop\/cudecoop\/wp-json\/wp\/v2\/posts\/4980\/revisions"}],"predecessor-version":[{"id":4990,"href":"https:\/\/www.cudecoop.coop\/cudecoop\/wp-json\/wp\/v2\/posts\/4980\/revisions\/4990"}],"wp:featuredmedia":[{"embeddable":true,"href":"https:\/\/www.cudecoop.coop\/cudecoop\/wp-json\/wp\/v2\/media\/4989"}],"wp:attachment":[{"href":"https:\/\/www.cudecoop.coop\/cudecoop\/wp-json\/wp\/v2\/media?parent=4980"}],"wp:term":[{"taxonomy":"category","embeddable":true,"href":"https:\/\/www.cudecoop.coop\/cudecoop\/wp-json\/wp\/v2\/categories?post=4980"},{"taxonomy":"post_tag","embeddable":true,"href":"https:\/\/www.cudecoop.coop\/cudecoop\/wp-json\/wp\/v2\/tags?post=4980"}],"curies":[{"name":"wp","href":"https:\/\/api.w.org\/{rel}","templated":true}]}}