{"id":4978,"date":"2025-04-08T13:10:11","date_gmt":"2025-04-08T16:10:11","guid":{"rendered":"https:\/\/www.cudecoop.coop\/cudecoop\/?p=4978"},"modified":"2025-04-08T13:10:44","modified_gmt":"2025-04-08T16:10:44","slug":"6to-encuentro-nacional-de-cooperativas-un-millon-de-personas-construyendo-un-uruguay-mas-fuerte-solidario-y-sostenible","status":"publish","type":"post","link":"https:\/\/www.cudecoop.coop\/cudecoop\/6to-encuentro-nacional-de-cooperativas-un-millon-de-personas-construyendo-un-uruguay-mas-fuerte-solidario-y-sostenible\/","title":{"rendered":"6to Encuentro Nacional de Cooperativas  \u201cUn mill\u00f3n de personas construyendo un Uruguay m\u00e1s fuerte, solidario y sostenible.\u201d"},"content":{"rendered":"<p>&#8220;Un mill\u00f3n de personas construyendo un Uruguay m\u00e1s fuerte, solidario y sostenible&#8221;, es el nombre del 6to Encuentro nacional de cooperativas que se realiza los d\u00edas 6 y 7 de noviembre en Montevideo.&nbsp;<\/p>\n<p>El encuentro tiene como finalidad fortalecer los v\u00ednculos dentro del entramado cooperativo nacional, en el marco del <i>A\u00f1o Internacional de las Cooperativas<\/i> declarado por Naciones Unidas en 2025. A partir de las Propuestas Program\u00e1ticas, busca incidir en la pol\u00edtica p\u00fablica y consolidar al movimiento cooperativo como el principal referente de la econom\u00eda social en Uruguay.&nbsp;<\/p>\n<p>Los ejes tem\u00e1ticos que se trabajar\u00e1n en esta actividad son:&nbsp;<\/p>\n<ol>\n<li style=\"font-weight: 400;\" aria-level=\"1\"><span style=\"font-weight: 400;\">El impacto de las cooperativas en la sociedad uruguaya y la importancia de la comunicaci\u00f3n para fortalecer el conocimiento y la articulaci\u00f3n entre entidades de base, federaciones e instituciones de fomento cooperativo.<\/span><span style=\"font-weight: 400;\"><br \/>\n<\/span><\/li>\n<li><span style=\"font-weight: 400;\"> La identidad cooperativa como pilar fundamental para la incidencia gremial, la negociaci\u00f3n y la construcci\u00f3n de pol\u00edticas p\u00fablicas que fortalezcan el sector.<\/span><span style=\"font-weight: 400;\"><br \/>\n<\/span><\/li>\n<li><span style=\"font-weight: 400;\"> El desarrollo y la innovaci\u00f3n en el cooperativismo como motor de crecimiento, promoviendo a la empresa cooperativa como una alternativa sostenible bajo el lema \u201cElegir cooperativa\u201d.<\/span><\/li>\n<\/ol>\n<p>Previo a la realizaci\u00f3n de este evento nacional, se preveen tres encuentros regionales preparatorios del 6to Encuentro para que desde los territorios realicen aportes a los ejes tem\u00e1ticos, las fechas y lugares son:&nbsp;&nbsp;<\/p>\n<p>31 de mayo en Paysand\u00fa;&nbsp;&nbsp;<\/p>\n<p>21 de junio en Maldonado;<\/p>\n<p>5 de julio en San Jos\u00e9 en el D\u00eda Internacional del Cooperativismo, y con el marco de&nbsp; San Jos\u00e9 Capital Nacional del Cooperativismo 2025 y la conformaci\u00f3n de la Mesa Intercooperativa de dicho Departamento.&nbsp;<\/p>\n<p>&nbsp;<\/p>\n<p>&nbsp;<\/p>\n<p>&nbsp;<\/p>\n","protected":false},"excerpt":{"rendered":"<p>&#8220;Un mill\u00f3n de personas construyendo un Uruguay m\u00e1s fuerte, solidario y sostenible&#8221;, es el nombre del 6to Encuentro nacional de cooperativas que se realiza los d\u00edas 6 y 7 de noviembre en Montevideo.&nbsp; El encuentro tiene como finalidad fortalecer los v\u00ednculos dentro del entramado cooperativo nacional, en el marco del A\u00f1o Internacional de las Cooperativas declarado por Naciones Unidas en 2025. A partir de las Propuestas Program\u00e1ticas, busca incidir en la pol\u00edtica p\u00fablica y consolidar al movimiento cooperativo como el principal referente de la econom\u00eda social en Uruguay.&nbsp; Los ejes tem\u00e1ticos que se trabajar\u00e1n en esta actividad son:&nbsp; El impacto [&#8230;]<\/p>\n","protected":false},"author":27,"featured_media":0,"comment_status":"open","ping_status":"open","sticky":false,"template":"","format":"standard","meta":{"_acf_changed":false,"ngg_post_thumbnail":0,"footnotes":""},"categories":[7,6,1],"tags":[],"class_list":["post-4978","post","type-post","status-publish","format-standard","hentry","category-cooperativas","category-institucionales","category-noticias"],"acf":[],"_links":{"self":[{"href":"https:\/\/www.cudecoop.coop\/cudecoop\/wp-json\/wp\/v2\/posts\/4978","targetHints":{"allow":["GET"]}}],"collection":[{"href":"https:\/\/www.cudecoop.coop\/cudecoop\/wp-json\/wp\/v2\/posts"}],"about":[{"href":"https:\/\/www.cudecoop.coop\/cudecoop\/wp-json\/wp\/v2\/types\/post"}],"author":[{"embeddable":true,"href":"https:\/\/www.cudecoop.coop\/cudecoop\/wp-json\/wp\/v2\/users\/27"}],"replies":[{"embeddable":true,"href":"https:\/\/www.cudecoop.coop\/cudecoop\/wp-json\/wp\/v2\/comments?post=4978"}],"version-history":[{"count":1,"href":"https:\/\/www.cudecoop.coop\/cudecoop\/wp-json\/wp\/v2\/posts\/4978\/revisions"}],"predecessor-version":[{"id":4979,"href":"https:\/\/www.cudecoop.coop\/cudecoop\/wp-json\/wp\/v2\/posts\/4978\/revisions\/4979"}],"wp:attachment":[{"href":"https:\/\/www.cudecoop.coop\/cudecoop\/wp-json\/wp\/v2\/media?parent=4978"}],"wp:term":[{"taxonomy":"category","embeddable":true,"href":"https:\/\/www.cudecoop.coop\/cudecoop\/wp-json\/wp\/v2\/categories?post=4978"},{"taxonomy":"post_tag","embeddable":true,"href":"https:\/\/www.cudecoop.coop\/cudecoop\/wp-json\/wp\/v2\/tags?post=4978"}],"curies":[{"name":"wp","href":"https:\/\/api.w.org\/{rel}","templated":true}]}}